{"id":13621,"date":"2025-05-12T12:01:51","date_gmt":"2025-05-12T11:01:51","guid":{"rendered":"https:\/\/radioalma.eu\/bruselas\/?p=13621"},"modified":"2025-05-12T14:06:02","modified_gmt":"2025-05-12T13:06:02","slug":"analizamos-el-panorama-queer-de-bruselas-y-hablamos-de-referentes-en-la-comunidad-lgtbiaq-con-javi-medi","status":"publish","type":"post","link":"https:\/\/radioalma.eu\/bruselas\/2025\/05\/12\/analizamos-el-panorama-queer-de-bruselas-y-hablamos-de-referentes-en-la-comunidad-lgtbiaq-con-javi-medi\/","title":{"rendered":"Analizamos el panorama queer de Bruselas y hablamos de referentes en la comunidad LGTBIAQ+ con Javi Medi"},"content":{"rendered":"\n<p>Con motivo de la celebraci\u00f3n del<strong> Orgullo en Bruselas este pr\u00f3ximo s\u00e1bado d\u00eda 17,<\/strong> y de la celebraci\u00f3n de la Semana del Orgullo de estos d\u00edas, hemos tra\u00eddo al estudio a un invitado muy especial.\u00a0<\/p>\n<p>Javier Medina, conocido en redes como <a href=\"https:\/\/www.instagram.com\/javimedi.gg\/\"><strong>Javi Medi<\/strong><\/a>, es un joven de Bail\u00e9n, un peque\u00f1o pueblo de Ja\u00e9n que residen en Bruselas.<span style=\"font-weight: 400\"> Cuando era adolescente, encontr\u00f3 en el mundo del <em>K-pop<\/em> un espacio para explorar su identidad y esta pasi\u00f3n le llev\u00f3 hasta Corea. All\u00ed descubri\u00f3 una nueva cultura, aprendi\u00f3 el idioma, se enamor\u00f3 y encontr\u00f3 la libertad para ser quien es.\u00a0<\/span><\/p>\n<p>Actualmente, <strong>Javi forma parte de un equipo de rugby LGBT+ en la capital belga, realiza espect\u00e1culos de drag y utiliza sus redes sociales para crear conciencia<\/strong> y convertirse en un referente para quienes lo siguen, brindando el apoyo que a \u00e9l le falt\u00f3 en su infancia. Hoy, nos comparte su experiencia personal, destacando la importancia de crear espacios seguros para las personas de la comunidad y de aceptar y celebrar qui\u00e9nes somos realmente.<\/p>\n\n\n\n<figure class=\"wp-block-embed is-type-rich is-provider-spotify wp-block-embed-spotify wp-embed-aspect-21-9 wp-has-aspect-ratio\"><div class=\"wp-block-embed__wrapper\">\n<iframe title=\"Spotify Embed: Entrevista: Javi Medi (activista LGTB+)\" style=\"border-radius: 12px\" width=\"100%\" height=\"152\" frameborder=\"0\" allowfullscreen allow=\"autoplay; clipboard-write; encrypted-media; fullscreen; picture-in-picture\" loading=\"lazy\" src=\"https:\/\/open.spotify.com\/embed\/episode\/3hi7Udch3QMv7dYx0ejnOj?si=2f7d367910234103&#038;utm_source=oembed\"><\/iframe>\n<\/div><\/figure>\n","protected":false},"excerpt":{"rendered":"<div class=\"mh-excerpt\"><p>Con motivo de la celebraci\u00f3n del Orgullo en Bruselas este pr\u00f3ximo s\u00e1bado d\u00eda 17, y de la celebraci\u00f3n de la Semana del Orgullo de estos d\u00edas, hemos tra\u00eddo al estudio a un invitado muy especial.\u00a0 <a class=\"mh-excerpt-more\" href=\"https:\/\/radioalma.eu\/bruselas\/2025\/05\/12\/analizamos-el-panorama-queer-de-bruselas-y-hablamos-de-referentes-en-la-comunidad-lgtbiaq-con-javi-medi\/\" title=\"Analizamos el panorama queer de Bruselas y hablamos de referentes en la comunidad LGTBIAQ+ con Javi Medi\">[&#8230;]<\/a><\/p>\n<\/div>","protected":false},"author":51,"featured_media":13624,"comment_status":"open","ping_status":"open","sticky":false,"template":"","format":"standard","meta":{"footnotes":""},"categories":[29,2704],"tags":[],"class_list":{"0":"post-13621","1":"post","2":"type-post","3":"status-publish","4":"format-standard","5":"has-post-thumbnail","7":"category-protagonista-de-la-semana","8":"category-social"},"_links":{"self":[{"href":"https:\/\/radioalma.eu\/bruselas\/wp-json\/wp\/v2\/posts\/13621","targetHints":{"allow":["GET"]}}],"collection":[{"href":"https:\/\/radioalma.eu\/bruselas\/wp-json\/wp\/v2\/posts"}],"about":[{"href":"https:\/\/radioalma.eu\/bruselas\/wp-json\/wp\/v2\/types\/post"}],"author":[{"embeddable":true,"href":"https:\/\/radioalma.eu\/bruselas\/wp-json\/wp\/v2\/users\/51"}],"replies":[{"embeddable":true,"href":"https:\/\/radioalma.eu\/bruselas\/wp-json\/wp\/v2\/comments?post=13621"}],"version-history":[{"count":3,"href":"https:\/\/radioalma.eu\/bruselas\/wp-json\/wp\/v2\/posts\/13621\/revisions"}],"predecessor-version":[{"id":13670,"href":"https:\/\/radioalma.eu\/bruselas\/wp-json\/wp\/v2\/posts\/13621\/revisions\/13670"}],"wp:featuredmedia":[{"embeddable":true,"href":"https:\/\/radioalma.eu\/bruselas\/wp-json\/wp\/v2\/media\/13624"}],"wp:attachment":[{"href":"https:\/\/radioalma.eu\/bruselas\/wp-json\/wp\/v2\/media?parent=13621"}],"wp:term":[{"taxonomy":"category","embeddable":true,"href":"https:\/\/radioalma.eu\/bruselas\/wp-json\/wp\/v2\/categories?post=13621"},{"taxonomy":"post_tag","embeddable":true,"href":"https:\/\/radioalma.eu\/bruselas\/wp-json\/wp\/v2\/tags?post=13621"}],"curies":[{"name":"wp","href":"https:\/\/api.w.org\/{rel}","templated":true}]}}