{"id":13639,"date":"2025-05-12T12:57:55","date_gmt":"2025-05-12T11:57:55","guid":{"rendered":"https:\/\/radioalma.eu\/bruselas\/?p=13639"},"modified":"2025-05-12T13:58:10","modified_gmt":"2025-05-12T12:58:10","slug":"hablamos-de-las-ultimas-novedades-de-la-cartelera-con-ana-martinez","status":"publish","type":"post","link":"https:\/\/radioalma.eu\/bruselas\/2025\/05\/12\/hablamos-de-las-ultimas-novedades-de-la-cartelera-con-ana-martinez\/","title":{"rendered":"Hablamos de las \u00faltimas novedades de la cartelera con Ana Mart\u00ednez"},"content":{"rendered":"\n<p data-start=\"52\" data-end=\"395\">Como es habitual, apagamos las luces para cerrar el programa con Ana Mart\u00ednez en su &#8216;Sala de cine&#8217;. Hoy hablamos de <strong><em data-start=\"166\" data-end=\"182\">Un ba\u00f1o propio<\/em>, \u00f3pera prima de la valenciana Luc\u00eda Casa\u00f1<\/strong>, una pel\u00edcula que pudimos ver en su estreno en Bruselas la semana pasada, con la presencia de la directora, quien acompa\u00f1\u00f3 la sesi\u00f3n y comparti\u00f3 detalles sobre su obra en un evento organizado por el <strong>Espai Valenci\u00e0 a B\u00e8lgica<\/strong>.<\/p>\n<p data-start=\"397\" data-end=\"609\">Adem\u00e1s, repasamos las \u00faltimas novedades de la cartelera belga, con pel\u00edculas como <strong><em data-start=\"477\" data-end=\"484\">Mr. K<\/em><\/strong> o <strong><em data-start=\"487\" data-end=\"504\">Septiembre dice<\/em><\/strong>, comedias como <strong><em data-start=\"520\" data-end=\"533\">Anges &amp; Cie<\/em><\/strong>, y dramas pol\u00edticos como <strong><em data-start=\"559\" data-end=\"566\">Oxana<\/em><\/strong>, entre otros t\u00edtulos interesantes.<\/p>\n\n\n\n<figure class=\"wp-block-embed is-type-rich is-provider-spotify wp-block-embed-spotify wp-embed-aspect-21-9 wp-has-aspect-ratio\"><div class=\"wp-block-embed__wrapper\">\n<iframe title=\"Spotify Embed: &amp;apos;La sala de cine&amp;apos; con Ana Mart\u00ednez: novedades y estrenos\" style=\"border-radius: 12px\" width=\"100%\" height=\"152\" frameborder=\"0\" allowfullscreen allow=\"autoplay; clipboard-write; encrypted-media; fullscreen; picture-in-picture\" loading=\"lazy\" src=\"https:\/\/open.spotify.com\/embed\/episode\/7nlDEVBlbV5VhsskyafTb7?si=0e40c0207667456a&#038;utm_source=oembed\"><\/iframe>\n<\/div><\/figure>\n\n\n","protected":false},"excerpt":{"rendered":"<div class=\"mh-excerpt\"><p>Como es habitual, apagamos las luces para cerrar el programa con Ana Mart\u00ednez en su &#8216;Sala de cine&#8217;. Hoy hablamos de Un ba\u00f1o propio, \u00f3pera prima de la valenciana Luc\u00eda Casa\u00f1, una pel\u00edcula que pudimos <a class=\"mh-excerpt-more\" href=\"https:\/\/radioalma.eu\/bruselas\/2025\/05\/12\/hablamos-de-las-ultimas-novedades-de-la-cartelera-con-ana-martinez\/\" title=\"Hablamos de las \u00faltimas novedades de la cartelera con Ana Mart\u00ednez\">[&#8230;]<\/a><\/p>\n<\/div>","protected":false},"author":51,"featured_media":13644,"comment_status":"open","ping_status":"open","sticky":false,"template":"","format":"standard","meta":{"footnotes":""},"categories":[2700],"tags":[],"class_list":{"0":"post-13639","1":"post","2":"type-post","3":"status-publish","4":"format-standard","5":"has-post-thumbnail","7":"category-cultura"},"_links":{"self":[{"href":"https:\/\/radioalma.eu\/bruselas\/wp-json\/wp\/v2\/posts\/13639","targetHints":{"allow":["GET"]}}],"collection":[{"href":"https:\/\/radioalma.eu\/bruselas\/wp-json\/wp\/v2\/posts"}],"about":[{"href":"https:\/\/radioalma.eu\/bruselas\/wp-json\/wp\/v2\/types\/post"}],"author":[{"embeddable":true,"href":"https:\/\/radioalma.eu\/bruselas\/wp-json\/wp\/v2\/users\/51"}],"replies":[{"embeddable":true,"href":"https:\/\/radioalma.eu\/bruselas\/wp-json\/wp\/v2\/comments?post=13639"}],"version-history":[{"count":6,"href":"https:\/\/radioalma.eu\/bruselas\/wp-json\/wp\/v2\/posts\/13639\/revisions"}],"predecessor-version":[{"id":13667,"href":"https:\/\/radioalma.eu\/bruselas\/wp-json\/wp\/v2\/posts\/13639\/revisions\/13667"}],"wp:featuredmedia":[{"embeddable":true,"href":"https:\/\/radioalma.eu\/bruselas\/wp-json\/wp\/v2\/media\/13644"}],"wp:attachment":[{"href":"https:\/\/radioalma.eu\/bruselas\/wp-json\/wp\/v2\/media?parent=13639"}],"wp:term":[{"taxonomy":"category","embeddable":true,"href":"https:\/\/radioalma.eu\/bruselas\/wp-json\/wp\/v2\/categories?post=13639"},{"taxonomy":"post_tag","embeddable":true,"href":"https:\/\/radioalma.eu\/bruselas\/wp-json\/wp\/v2\/tags?post=13639"}],"curies":[{"name":"wp","href":"https:\/\/api.w.org\/{rel}","templated":true}]}}