{"id":13697,"date":"2025-05-19T13:59:26","date_gmt":"2025-05-19T12:59:26","guid":{"rendered":"https:\/\/radioalma.eu\/bruselas\/?p=13697"},"modified":"2025-05-19T13:59:33","modified_gmt":"2025-05-19T12:59:33","slug":"iguaran-quartet-un-viaje-musical-por-el-repertorio-tradicional-de-america-latina-y-espana","status":"publish","type":"post","link":"https:\/\/radioalma.eu\/bruselas\/2025\/05\/19\/iguaran-quartet-un-viaje-musical-por-el-repertorio-tradicional-de-america-latina-y-espana\/","title":{"rendered":"Iguar\u00e1n Quartet: un viaje musical por el repertorio tradicional de Am\u00e9rica Latina y Espa\u00f1a"},"content":{"rendered":"\n<p data-start=\"110\" data-end=\"563\"><strong data-start=\"148\" data-end=\"167\">Iguar\u00e1n Quartet <\/strong>es un cuarteto de cuerda integrado por <strong>Elizabeth Agudelo (viol\u00edn), Clara Larrauri (viol\u00edn), Paula Cirmi (viola) y Ana Mar\u00eda Velasco (violonchelo)<\/strong>. Unidas por su pasi\u00f3n por los g\u00e9neros de m\u00fasica tradicional de Am\u00e9rica Latina y Espa\u00f1a, el cuarteto reinterpreta con arreglos originales ritmos como la chacarera, el bambuco colombiano o el pasillo andino, traslad\u00e1ndolos al formato de la m\u00fasica de c\u00e1mara.<\/p>\n<p data-start=\"565\" data-end=\"964\">En el \u00faltimo programa nos visitaron para hablarnos sobre su trayectoria individual y colectiva, la importancia de recuperar y dar nueva vida al repertorio tradicional, y el reto \u2014y la libertad\u2014 de tocar sin una direcci\u00f3n externa. Adem\u00e1s, nos deleitaron en directo con un peque\u00f1o adelanto de dos temas de <strong>su pr\u00f3ximo concierto, <em data-start=\"870\" data-end=\"895\">\u00c9chos d\u2019Am\u00e9rique Latine<\/em>, que tendr\u00e1 lugar el jueves 22 de mayo en <a href=\"_wp_link_placeholder\" data-wplink-edit=\"true\">Art Base<\/a>, en Bruselas.<\/strong><\/p>\n\n\n\n<figure class=\"wp-block-embed is-type-rich is-provider-spotify wp-block-embed-spotify wp-embed-aspect-21-9 wp-has-aspect-ratio\"><div class=\"wp-block-embed__wrapper\">\n<iframe title=\"Spotify Embed: Entrevista: Ana, Paula, Elisabeth y Clara (Iguar\u00e1n Quartet)\" style=\"border-radius: 12px\" width=\"100%\" height=\"152\" frameborder=\"0\" allowfullscreen allow=\"autoplay; clipboard-write; encrypted-media; fullscreen; picture-in-picture\" loading=\"lazy\" src=\"https:\/\/open.spotify.com\/embed\/episode\/1FnSFd7gdFolglf6oSjTnj?si=d668499ae0234641&#038;utm_source=oembed\"><\/iframe>\n<\/div><\/figure>\n\n\n\n\n\n\n","protected":false},"excerpt":{"rendered":"<div class=\"mh-excerpt\"><p>Iguar\u00e1n Quartet es un cuarteto de cuerda integrado por Elizabeth Agudelo (viol\u00edn), Clara Larrauri (viol\u00edn), Paula Cirmi (viola) y Ana Mar\u00eda Velasco (violonchelo). Unidas por su pasi\u00f3n por los g\u00e9neros de m\u00fasica tradicional de Am\u00e9rica <a class=\"mh-excerpt-more\" href=\"https:\/\/radioalma.eu\/bruselas\/2025\/05\/19\/iguaran-quartet-un-viaje-musical-por-el-repertorio-tradicional-de-america-latina-y-espana\/\" title=\"Iguar\u00e1n Quartet: un viaje musical por el repertorio tradicional de Am\u00e9rica Latina y Espa\u00f1a\">[&#8230;]<\/a><\/p>\n<\/div>","protected":false},"author":51,"featured_media":13700,"comment_status":"open","ping_status":"open","sticky":false,"template":"","format":"standard","meta":{"footnotes":""},"categories":[2700],"tags":[],"class_list":{"0":"post-13697","1":"post","2":"type-post","3":"status-publish","4":"format-standard","5":"has-post-thumbnail","7":"category-cultura"},"_links":{"self":[{"href":"https:\/\/radioalma.eu\/bruselas\/wp-json\/wp\/v2\/posts\/13697","targetHints":{"allow":["GET"]}}],"collection":[{"href":"https:\/\/radioalma.eu\/bruselas\/wp-json\/wp\/v2\/posts"}],"about":[{"href":"https:\/\/radioalma.eu\/bruselas\/wp-json\/wp\/v2\/types\/post"}],"author":[{"embeddable":true,"href":"https:\/\/radioalma.eu\/bruselas\/wp-json\/wp\/v2\/users\/51"}],"replies":[{"embeddable":true,"href":"https:\/\/radioalma.eu\/bruselas\/wp-json\/wp\/v2\/comments?post=13697"}],"version-history":[{"count":5,"href":"https:\/\/radioalma.eu\/bruselas\/wp-json\/wp\/v2\/posts\/13697\/revisions"}],"predecessor-version":[{"id":13725,"href":"https:\/\/radioalma.eu\/bruselas\/wp-json\/wp\/v2\/posts\/13697\/revisions\/13725"}],"wp:featuredmedia":[{"embeddable":true,"href":"https:\/\/radioalma.eu\/bruselas\/wp-json\/wp\/v2\/media\/13700"}],"wp:attachment":[{"href":"https:\/\/radioalma.eu\/bruselas\/wp-json\/wp\/v2\/media?parent=13697"}],"wp:term":[{"taxonomy":"category","embeddable":true,"href":"https:\/\/radioalma.eu\/bruselas\/wp-json\/wp\/v2\/categories?post=13697"},{"taxonomy":"post_tag","embeddable":true,"href":"https:\/\/radioalma.eu\/bruselas\/wp-json\/wp\/v2\/tags?post=13697"}],"curies":[{"name":"wp","href":"https:\/\/api.w.org\/{rel}","templated":true}]}}