{"id":13729,"date":"2025-05-23T12:00:00","date_gmt":"2025-05-23T11:00:00","guid":{"rendered":"https:\/\/radioalma.eu\/bruselas\/?p=13729"},"modified":"2025-05-26T14:30:02","modified_gmt":"2025-05-26T13:30:02","slug":"un-programa-de-actualidad-europea-y-eurovisiva-paseos-filosoficos-y-la-ciencia-del-teatro","status":"publish","type":"post","link":"https:\/\/radioalma.eu\/bruselas\/2025\/05\/23\/un-programa-de-actualidad-europea-y-eurovisiva-paseos-filosoficos-y-la-ciencia-del-teatro\/","title":{"rendered":"Un programa de actualidad europea y eurovisiva, paseos filos\u00f3ficos y la ciencia del teatro"},"content":{"rendered":"\n<p><span style=\"font-weight: 400\">En esta nueva entrega de <\/span><i><span style=\"font-weight: 400\">Bruselas con \u00d1<\/span><\/i><span style=\"font-weight: 400\"> el estudio se llen\u00f3 de grandes invitados para hablar de cultura, ciencia y mucha actualidad.\u00a0<\/span><\/p>\n<p><span style=\"font-weight: 400\">La primera parte comenz\u00f3 con<\/span><b> Iago Lombard\u00eda<\/b><span style=\"font-weight: 400\"> y su secci\u00f3n <\/span><b>\u2018La UE al d\u00eda\u2019, <\/b>donde nos despej\u00f3 las <span style=\"font-weight: 400\">dudas de <\/span><b>las elecciones en Ruman\u00eda. <\/b>Tambi\u00e9n <span style=\"font-weight: 400\">comentamos la \u00faltima reuni\u00f3n entre Rusia y Ucrania y la <\/span><b>gala de Eurovisi\u00f3n<\/b><span style=\"font-weight: 400\">, un festival marcado por la pol\u00e9mica. \u00bf<\/span><b>C\u00f3mo de envuelta est\u00e1 la pol\u00edtica<\/b><span style=\"font-weight: 400\"> en espect\u00e1culos y eventos como este?<\/span><\/p>\n<p><span style=\"font-weight: 400\">Despu\u00e9s, pasamos directamente a los escenarios de la mano de <\/span><i><span style=\"font-weight: 400\">Tramedy<\/span><\/i><span style=\"font-weight: 400\">, una compa\u00f1\u00eda que se dedica a hacer teatro en espa\u00f1ol en la capital belga. Nos acompa\u00f1\u00f3 en el estudio <\/span><b>Etienne Vandoorne, uno de los actores y tambi\u00e9n director de la nueva obra que presentan este pr\u00f3ximo mes: La torre de la defensa.<\/b> <b>Una nochevieja con personajes complejos, representaci\u00f3n LGTBQIA+&#8230; <\/b><span style=\"font-weight: 400\">\u00a1Todo un cl\u00e1sico adaptado a los tiempos actuales! Se podr\u00e1 disfrutar <a href=\"https:\/\/www.tickettailor.com\/events\/tramedy\/1614739?\"><strong>del 5 al 8 de junio en la\u00a0 Salle Andr\u00e9 Delvaux, dentro del campus de la ULB<\/strong><\/a>. \u00a1No os lo pod\u00e9is perder!<\/span><\/p>\n<p><span style=\"font-weight: 400\">Y terminamos la primera parte adentr\u00e1ndonos en laboratorio de <strong>&#8216;<a href=\"https:\/\/cebebelgica.es\/es_ES\/\">CEBE<\/a> en las ondas&#8217;<\/strong><\/span><span style=\"font-weight: 400\">. Junto con<\/span><b> Vicente Fern\u00e1ndez<\/b><span style=\"font-weight: 400\">, que se estrena como colaborador, recibimos a <\/span><b><a href=\"https:\/\/pereestupinya.com\/\">Pere Estupiny\u00e0<\/a>, uno de los nombres m\u00e1s importantes de la divulgaci\u00f3n cient\u00edfica en espa\u00f1ol.<\/b><b> \u00bfC\u00f3mo cambia la comunicaci\u00f3n de la ciencia con las redes sociales? Esto y m\u00e1s en \u2018CEBE en las ondas\u2019.<\/b><\/p>\n\n\n\n<figure class=\"wp-block-embed is-type-rich is-provider-spotify wp-block-embed-spotify wp-embed-aspect-21-9 wp-has-aspect-ratio\"><div class=\"wp-block-embed__wrapper\">\n<iframe title=\"Spotify Embed: Bruselas con \u00d1 (24\/05\/25) - Parte I\" style=\"border-radius: 12px\" width=\"100%\" height=\"152\" frameborder=\"0\" allowfullscreen allow=\"autoplay; clipboard-write; encrypted-media; fullscreen; picture-in-picture\" loading=\"lazy\" src=\"https:\/\/open.spotify.com\/embed\/episode\/3LaNjOekggZtVOWiEbViyM?si=uCDq6BjfTsux1nGPaBcgiA&#038;utm_source=oembed\"><\/iframe>\n<\/div><\/figure>\n\n\n\n\n\n<p>La segunda parte comenz\u00f3 con un nuevo dilema de la mano de<b> Txomin Lasa <\/b>y su secci\u00f3n <b>\u2018Qu\u00e9 dilema tan grande\u2019<\/b>. En esta ocasi\u00f3n, abordamos las paradojas del deseo humano a partir de <b>la obra de Shakespeare y la teor\u00eda del \u00abdeseo mim\u00e9tico\u00bb desarrollada por Ren\u00e9 Girard<\/b>. \u00bfSomos realmente libres de desear lo que deseamos? \u00bfHasta qu\u00e9 punto nuestros deseos son aut\u00e9nticos y hasta qu\u00e9 punto son una copia de los deseos de los dem\u00e1s?<\/p>\n<p>Despu\u00e9s salimos del estudio y cogimos<strong> el tren para viajar hasta Amberes con Laia Boloix<\/strong>. En sus <strong>&#8216;Promenades de LB&#8217;,<\/strong> Laia nos llev\u00f3 a conocer la historia del Groen Kwartier un antiguo hospital militar que se ha reconvertido en un ecobarrio.<\/p>\n<p>De regreso al estudio, entramos en <b>\u2018La Bedeteca\u2019<\/b> de <b>Daniel Bartual. <\/b>En esta entrega, descubrimos <b>la vida y carrera de un autor muy especial: Paco Roca, un valenciano que ha cosechado premios con obras que<\/b><b> han pasado a la gran pantalla <\/b>como <b><i>\u2018Arrugas\u2019<\/i><\/b>.<\/p>\n<p>Y como siempre, terminamos <strong>apagando las luces del estudio para adentrarnos en &#8216;La sala de cine&#8217;<\/strong>. Esta vez no contamos con nuestra experta Ana Mart\u00ednez, pero hicimos un repaso a<strong> las carteleras belgas con grandes estrenos<\/strong> como la nueva entrega de<strong> Misi\u00f3n Imposible<\/strong> o el<em> live action<\/em> de<strong> Lilo y Stitch<\/strong>. Adem\u00e1s, comentaremos<strong> los filmes que han marcado nuestra semana<\/strong>, como <em>&#8216;La peor persona del mundo&#8217;<\/em>,<em> &#8216;Pozos de ambici\u00f3n&#8217;<\/em> o &#8216;<em>C\u00f3nclave<\/em>&#8216;.\u00a0<\/p>\n\n\n\n<figure class=\"wp-block-embed is-type-rich is-provider-spotify wp-block-embed-spotify wp-embed-aspect-21-9 wp-has-aspect-ratio\"><div class=\"wp-block-embed__wrapper\">\n<iframe title=\"Spotify Embed: Bruselas con \u00d1 (24\/05\/25) - Parte II\" style=\"border-radius: 12px\" width=\"100%\" height=\"152\" frameborder=\"0\" allowfullscreen allow=\"autoplay; clipboard-write; encrypted-media; fullscreen; picture-in-picture\" loading=\"lazy\" src=\"https:\/\/open.spotify.com\/embed\/episode\/4gN06cuvGb4QTlLaP2aO5r?si=MKsJ8nqBTwWnMHG4HU9Kkw&#038;utm_source=oembed\"><\/iframe>\n<\/div><\/figure>\n","protected":false},"excerpt":{"rendered":"<div class=\"mh-excerpt\"><p>En esta nueva entrega de Bruselas con \u00d1 el estudio se llen\u00f3 de grandes invitados para hablar de cultura, ciencia y mucha actualidad.\u00a0 La primera parte comenz\u00f3 con Iago Lombard\u00eda y su secci\u00f3n \u2018La UE <a class=\"mh-excerpt-more\" href=\"https:\/\/radioalma.eu\/bruselas\/2025\/05\/23\/un-programa-de-actualidad-europea-y-eurovisiva-paseos-filosoficos-y-la-ciencia-del-teatro\/\" title=\"Un programa de actualidad europea y eurovisiva, paseos filos\u00f3ficos y la ciencia del teatro\">[&#8230;]<\/a><\/p>\n<\/div>","protected":false},"author":51,"featured_media":13734,"comment_status":"open","ping_status":"open","sticky":false,"template":"","format":"standard","meta":{"footnotes":""},"categories":[2698,2700,2697,2699,29,2704],"tags":[],"class_list":{"0":"post-13729","1":"post","2":"type-post","3":"status-publish","4":"format-standard","5":"has-post-thumbnail","7":"category-ciencia","8":"category-cultura","9":"category-europa","10":"category-politica","11":"category-protagonista-de-la-semana","12":"category-social"},"_links":{"self":[{"href":"https:\/\/radioalma.eu\/bruselas\/wp-json\/wp\/v2\/posts\/13729","targetHints":{"allow":["GET"]}}],"collection":[{"href":"https:\/\/radioalma.eu\/bruselas\/wp-json\/wp\/v2\/posts"}],"about":[{"href":"https:\/\/radioalma.eu\/bruselas\/wp-json\/wp\/v2\/types\/post"}],"author":[{"embeddable":true,"href":"https:\/\/radioalma.eu\/bruselas\/wp-json\/wp\/v2\/users\/51"}],"replies":[{"embeddable":true,"href":"https:\/\/radioalma.eu\/bruselas\/wp-json\/wp\/v2\/comments?post=13729"}],"version-history":[{"count":8,"href":"https:\/\/radioalma.eu\/bruselas\/wp-json\/wp\/v2\/posts\/13729\/revisions"}],"predecessor-version":[{"id":13782,"href":"https:\/\/radioalma.eu\/bruselas\/wp-json\/wp\/v2\/posts\/13729\/revisions\/13782"}],"wp:featuredmedia":[{"embeddable":true,"href":"https:\/\/radioalma.eu\/bruselas\/wp-json\/wp\/v2\/media\/13734"}],"wp:attachment":[{"href":"https:\/\/radioalma.eu\/bruselas\/wp-json\/wp\/v2\/media?parent=13729"}],"wp:term":[{"taxonomy":"category","embeddable":true,"href":"https:\/\/radioalma.eu\/bruselas\/wp-json\/wp\/v2\/categories?post=13729"},{"taxonomy":"post_tag","embeddable":true,"href":"https:\/\/radioalma.eu\/bruselas\/wp-json\/wp\/v2\/tags?post=13729"}],"curies":[{"name":"wp","href":"https:\/\/api.w.org\/{rel}","templated":true}]}}