{"id":13743,"date":"2025-05-26T14:07:19","date_gmt":"2025-05-26T13:07:19","guid":{"rendered":"https:\/\/radioalma.eu\/bruselas\/?p=13743"},"modified":"2025-05-26T14:07:25","modified_gmt":"2025-05-26T13:07:25","slug":"tramedy-presenta-la-obra-teatral-la-torre-de-la-defensa","status":"publish","type":"post","link":"https:\/\/radioalma.eu\/bruselas\/2025\/05\/26\/tramedy-presenta-la-obra-teatral-la-torre-de-la-defensa\/","title":{"rendered":"Tramedy presenta la obra teatral &#8216;La Torre de la Defensa&#8217;"},"content":{"rendered":"\n<p><span style=\"font-weight: 400\">Nos adentramos en el mundo de los escenarios de la mano de <\/span><strong><i>Tramedy<\/i><\/strong><span style=\"font-weight: 400\">, una compa\u00f1\u00eda que se dedica a hacer teatro en espa\u00f1ol en la capital belga. Para ello, nos acompa\u00f1a en el estudio <\/span><b>Etienne Vandoorne, uno de los actores y tambi\u00e9n director de la nueva obra que presentan este pr\u00f3ximo mes: &#8216;La torre de la defensa&#8217;, ambientada en el <\/b>piso 13 de un edificio parisino donde un grupo de gente de la alta sociedad se dispone a celebrar la Nochevieja.<\/p>\n<p>La <em>Torre de la defensa<\/em> no es solo una obra, es una bomba de tiempo donde el champ\u00e1n se mezcla con el sudor fr\u00edo y las m\u00e1scaras de la alta sociedad caen a pedazos.<b> <span style=\"font-weight: 400\">En el elenco est\u00e1n<strong> Andrea Ja\u00e9n, Luc\u00eda Soto, Federica Mamini, Etienne Vandoorne y Daniel P\u00e9rez Vega. <\/strong><\/span><\/b><\/p>\n<p><b><span style=\"font-weight: 400\">\u00a1Todo un cl\u00e1sico adaptado a los tiempos actuales! <a href=\"https:\/\/www.tickettailor.com\/events\/tramedy\/1614739?\">Se podr\u00e1 disfrutar del 5 al 8 de junio en la\u00a0 Salle Andr\u00e9 Delvaux, dentro del campus de la ULB<\/a>. Todas las representaciones ser\u00e1n a las 20h y la del domingo 8 a las 18h.\u00a0 <strong>\u00a1No os lo pod\u00e9is perder!<\/strong><\/span><\/b><\/p>\n<p>\u00a0<\/p>\n\n\n\n<figure class=\"wp-block-embed is-type-rich is-provider-spotify wp-block-embed-spotify wp-embed-aspect-21-9 wp-has-aspect-ratio\"><div class=\"wp-block-embed__wrapper\">\n<iframe title=\"Spotify Embed: Entrevista: Etienne Vandoorne (actor y director de teatro)\" style=\"border-radius: 12px\" width=\"100%\" height=\"152\" frameborder=\"0\" allowfullscreen allow=\"autoplay; clipboard-write; encrypted-media; fullscreen; picture-in-picture\" loading=\"lazy\" src=\"https:\/\/open.spotify.com\/embed\/episode\/7xLhqT4juUYAyZYUcTCoVM?si=nVnjF1I8Q7mYC0mfWdxcKw&#038;utm_source=oembed\"><\/iframe>\n<\/div><\/figure>\n\n\n\n\n","protected":false},"excerpt":{"rendered":"<div class=\"mh-excerpt\"><p>Nos adentramos en el mundo de los escenarios de la mano de Tramedy, una compa\u00f1\u00eda que se dedica a hacer teatro en espa\u00f1ol en la capital belga. Para ello, nos acompa\u00f1a en el estudio Etienne <a class=\"mh-excerpt-more\" href=\"https:\/\/radioalma.eu\/bruselas\/2025\/05\/26\/tramedy-presenta-la-obra-teatral-la-torre-de-la-defensa\/\" title=\"Tramedy presenta la obra teatral &#8216;La Torre de la Defensa&#8217;\">[&#8230;]<\/a><\/p>\n<\/div>","protected":false},"author":51,"featured_media":13771,"comment_status":"open","ping_status":"open","sticky":false,"template":"","format":"standard","meta":{"footnotes":""},"categories":[1],"tags":[],"class_list":{"0":"post-13743","1":"post","2":"type-post","3":"status-publish","4":"format-standard","5":"has-post-thumbnail","7":"category-non-classe"},"_links":{"self":[{"href":"https:\/\/radioalma.eu\/bruselas\/wp-json\/wp\/v2\/posts\/13743","targetHints":{"allow":["GET"]}}],"collection":[{"href":"https:\/\/radioalma.eu\/bruselas\/wp-json\/wp\/v2\/posts"}],"about":[{"href":"https:\/\/radioalma.eu\/bruselas\/wp-json\/wp\/v2\/types\/post"}],"author":[{"embeddable":true,"href":"https:\/\/radioalma.eu\/bruselas\/wp-json\/wp\/v2\/users\/51"}],"replies":[{"embeddable":true,"href":"https:\/\/radioalma.eu\/bruselas\/wp-json\/wp\/v2\/comments?post=13743"}],"version-history":[{"count":3,"href":"https:\/\/radioalma.eu\/bruselas\/wp-json\/wp\/v2\/posts\/13743\/revisions"}],"predecessor-version":[{"id":13772,"href":"https:\/\/radioalma.eu\/bruselas\/wp-json\/wp\/v2\/posts\/13743\/revisions\/13772"}],"wp:featuredmedia":[{"embeddable":true,"href":"https:\/\/radioalma.eu\/bruselas\/wp-json\/wp\/v2\/media\/13771"}],"wp:attachment":[{"href":"https:\/\/radioalma.eu\/bruselas\/wp-json\/wp\/v2\/media?parent=13743"}],"wp:term":[{"taxonomy":"category","embeddable":true,"href":"https:\/\/radioalma.eu\/bruselas\/wp-json\/wp\/v2\/categories?post=13743"},{"taxonomy":"post_tag","embeddable":true,"href":"https:\/\/radioalma.eu\/bruselas\/wp-json\/wp\/v2\/tags?post=13743"}],"curies":[{"name":"wp","href":"https:\/\/api.w.org\/{rel}","templated":true}]}}