{"id":13805,"date":"2025-06-02T11:18:01","date_gmt":"2025-06-02T10:18:01","guid":{"rendered":"https:\/\/radioalma.eu\/bruselas\/?p=13805"},"modified":"2025-06-05T09:30:33","modified_gmt":"2025-06-05T08:30:33","slug":"bruselas-acoge-la-segunda-edicion-del-festival-de-literatura-infantil-iceberg","status":"publish","type":"post","link":"https:\/\/radioalma.eu\/bruselas\/2025\/06\/02\/bruselas-acoge-la-segunda-edicion-del-festival-de-literatura-infantil-iceberg\/","title":{"rendered":"Bruselas acoge la segunda edici\u00f3n del festival de literatura infantil Iceberg"},"content":{"rendered":"\n<p>Por segundo a\u00f1o consecutivo, <strong>el Instituto Cervantes de Bruselas organiza el Festival de literatura infantil Iceberg, que llenar\u00e1 la capital belga de cuentos, talleres y mucha fantas\u00eda, del 5 al 7 de junio.<\/strong> En su secci\u00f3n <strong><em>Verso de Portada<\/em>, S\u00edlvia Montero <\/strong>nos ofrece todos los detalles de esta cita dedicada a los libros infantiles, en la que varias bibliotecas de la ciudad abrir\u00e1n sus puertas a actividades y encuentros para disfrutar en familia.<\/p>\n\n\n\n<figure class=\"wp-block-embed is-type-rich is-provider-spotify wp-block-embed-spotify wp-embed-aspect-21-9 wp-has-aspect-ratio\"><div class=\"wp-block-embed__wrapper\">\n<iframe title=\"Spotify Embed: Verso de portada: Festival de literatura infantil Iceberg\" style=\"border-radius: 12px\" width=\"100%\" height=\"152\" frameborder=\"0\" allowfullscreen allow=\"autoplay; clipboard-write; encrypted-media; fullscreen; picture-in-picture\" loading=\"lazy\" src=\"https:\/\/open.spotify.com\/embed\/episode\/5ZC3QKvhfynCUTQNfscn83?si=c7RV6p6SSrCGlSUqcbw4nA&#038;utm_source=oembed\"><\/iframe>\n<\/div><\/figure>\n\n\n\n<p>Entre las invitadas destacadas de esta edici\u00f3n est\u00e1 <strong>Margarita del Mazo, una de las voces m\u00e1s reconocidas de la literatura infantil en espa\u00f1ol.<\/strong> Con m\u00e1s de sesenta libros publicados y traducidos a m\u00e1s de veinte idiomas, su obra sigue acompa\u00f1ando a ni\u00f1os y ni\u00f1as de todo el mundo en el descubrimiento del placer de la lectura. En esta entrevista, hablamos con Margarita sobre <strong>su trayectoria personal y profesional, su llegada al mundo de los cuentos, sus lecturas de la infancia o lo que significa para ella participar en Iceberg 2025.<\/strong> Tambi\u00e9n nos adelanta detalles de los talleres y sesiones de cuentacuentos que dirigir\u00e1 \u2014<em>Las\u00a0 Gafas de Carlitos y las tuyas<\/em> y <em>6 palabras sobre m\u00ed y una intrusa<\/em>\u2014 y reflexiona sobre qu\u00e9 hace especial a un buen libro infantil.\u00a0<\/p>\n<p>\u00a1No os perd\u00e1is las conversaciones, ni el <a href=\"https:\/\/bruselas.cervantes.es\/es\/biblioteca_espanol\/festival_iceberg.htm\">programa completo del festival<\/a>!<\/p>\n<p>\u00a0<\/p>\n\n\n\n<figure class=\"wp-block-embed is-type-rich is-provider-spotify wp-block-embed-spotify wp-embed-aspect-21-9 wp-has-aspect-ratio\"><div class=\"wp-block-embed__wrapper\">\n<iframe title=\"Spotify Embed: Entrevista: Margarita del Mazo (autora de libros infantiles)\" style=\"border-radius: 12px\" width=\"100%\" height=\"152\" frameborder=\"0\" allowfullscreen allow=\"autoplay; clipboard-write; encrypted-media; fullscreen; picture-in-picture\" loading=\"lazy\" src=\"https:\/\/open.spotify.com\/embed\/episode\/6RG2ZSNGgIDyg0QlZ79kKx?si=f_IEdNDjT1SNDpswxABRJw&#038;utm_source=oembed\"><\/iframe>\n<\/div><\/figure>\n\n\n","protected":false},"excerpt":{"rendered":"<div class=\"mh-excerpt\"><p>Por segundo a\u00f1o consecutivo, el Instituto Cervantes de Bruselas organiza el Festival de literatura infantil Iceberg, que llenar\u00e1 la capital belga de cuentos, talleres y mucha fantas\u00eda, del 5 al 7 de junio. En su <a class=\"mh-excerpt-more\" href=\"https:\/\/radioalma.eu\/bruselas\/2025\/06\/02\/bruselas-acoge-la-segunda-edicion-del-festival-de-literatura-infantil-iceberg\/\" title=\"Bruselas acoge la segunda edici\u00f3n del festival de literatura infantil Iceberg\">[&#8230;]<\/a><\/p>\n<\/div>","protected":false},"author":51,"featured_media":13824,"comment_status":"open","ping_status":"open","sticky":false,"template":"","format":"standard","meta":{"footnotes":""},"categories":[26,2700],"tags":[],"class_list":{"0":"post-13805","1":"post","2":"type-post","3":"status-publish","4":"format-standard","5":"has-post-thumbnail","7":"category-agenda-cultural","8":"category-cultura"},"_links":{"self":[{"href":"https:\/\/radioalma.eu\/bruselas\/wp-json\/wp\/v2\/posts\/13805","targetHints":{"allow":["GET"]}}],"collection":[{"href":"https:\/\/radioalma.eu\/bruselas\/wp-json\/wp\/v2\/posts"}],"about":[{"href":"https:\/\/radioalma.eu\/bruselas\/wp-json\/wp\/v2\/types\/post"}],"author":[{"embeddable":true,"href":"https:\/\/radioalma.eu\/bruselas\/wp-json\/wp\/v2\/users\/51"}],"replies":[{"embeddable":true,"href":"https:\/\/radioalma.eu\/bruselas\/wp-json\/wp\/v2\/comments?post=13805"}],"version-history":[{"count":3,"href":"https:\/\/radioalma.eu\/bruselas\/wp-json\/wp\/v2\/posts\/13805\/revisions"}],"predecessor-version":[{"id":13816,"href":"https:\/\/radioalma.eu\/bruselas\/wp-json\/wp\/v2\/posts\/13805\/revisions\/13816"}],"wp:featuredmedia":[{"embeddable":true,"href":"https:\/\/radioalma.eu\/bruselas\/wp-json\/wp\/v2\/media\/13824"}],"wp:attachment":[{"href":"https:\/\/radioalma.eu\/bruselas\/wp-json\/wp\/v2\/media?parent=13805"}],"wp:term":[{"taxonomy":"category","embeddable":true,"href":"https:\/\/radioalma.eu\/bruselas\/wp-json\/wp\/v2\/categories?post=13805"},{"taxonomy":"post_tag","embeddable":true,"href":"https:\/\/radioalma.eu\/bruselas\/wp-json\/wp\/v2\/tags?post=13805"}],"curies":[{"name":"wp","href":"https:\/\/api.w.org\/{rel}","templated":true}]}}