{"id":13822,"date":"2025-06-10T12:24:29","date_gmt":"2025-06-10T11:24:29","guid":{"rendered":"https:\/\/radioalma.eu\/bruselas\/?p=13822"},"modified":"2025-06-11T10:19:49","modified_gmt":"2025-06-11T09:19:49","slug":"desde-exposiciones-artisticas-hasta-el-polen-un-programa-marcado-por-la-actualidad-politica-cultural-y-musical","status":"publish","type":"post","link":"https:\/\/radioalma.eu\/bruselas\/2025\/06\/10\/desde-exposiciones-artisticas-hasta-el-polen-un-programa-marcado-por-la-actualidad-politica-cultural-y-musical\/","title":{"rendered":"Desde exposiciones art\u00edsticas hasta el polen, un programa marcado por la actualidad pol\u00edtica, cultural y musical"},"content":{"rendered":"\n<p><span style=\"font-weight: 400\">Entramos al primer s\u00e1bado del mes con un programa variado de cultura, actualidad y grandes secciones. Primero, como es habitual, hicimos un repaso de los titulares que marcaron la semana.\u00a0<\/span><\/p>\n<p><span style=\"font-weight: 400\">Despu\u00e9s, tuvimos nuestra secci\u00f3n europea y de actualidad: <\/span><b>\u2018La UE al d\u00eda\u2019<\/b><span style=\"font-weight: 400\">.<\/span><b> Iago Lombard\u00eda<\/b><span style=\"font-weight: 400\"> volvi\u00f3 al estudio para aclararnos cu\u00e1l es la situaci\u00f3n de nuestras lenguas dentro de la Uni\u00f3n Europea.<\/span><b> <\/b><span style=\"font-weight: 400\">\u00bfQu\u00e9 est\u00e1 ocurriendo con su oficializaci\u00f3n dentro de la UE? Adem\u00e1s, Iago nos despej\u00f3 dudas con<\/span><b> las multas y advertencias puestas sobre el medio alem\u00e1n<\/b> <b><i>\u2018Red Media\u2019<\/i><\/b><span style=\"font-weight: 400\">.<\/span><\/p>\n<p><span style=\"font-weight: 400\">Tras la actualidad, abrimos la ventana a la cultura. Para ello, nos fuimos hasta el LAB de la Embajada de Espa\u00f1a<b>. All\u00ed visitamos la muestra <a href=\"_wp_link_placeholder\" data-wplink-edit=\"true\">Errances<\/a> de los artistas <\/b><\/span><b>Miguel Oliver<\/b><span style=\"font-weight: 400\"> y <\/span><b>Ester Zaragoz\u00e1<\/b><span style=\"font-weight: 400\">. En ella se exponen un centenar de obras costumbristas, <\/span><b>de paisajes, momentos y an\u00e9cdotas<\/b><span style=\"font-weight: 400\"> fruto de los viajes que han realizado los creadores desde 2018.<\/span><\/p>\n<p>De regreso al estudio, pusimos fin a la primera parte con las notas musicales del men\u00fa que<strong> Ruth Prieto<\/strong> nos trae cada mes. Este mes de junio viene cargado de <strong>grandes eventos en Flagey, La Monnaie&#8230;<\/strong> Todo un repertorio de incre\u00edbles m\u00fasicos y magn\u00edficas composiciones <strong>a ritmo de primeros y segundos platos, con postre incluido.<\/strong> \u00bfPreparados para llenar vuestros paladares musicales? En <strong>&#8216;M\u00fasica al dente&#8217;<\/strong> descubrimos todas las novedades.\u00a0<\/p>\n\n\n\n<figure class=\"wp-block-embed is-type-rich is-provider-spotify wp-block-embed-spotify wp-embed-aspect-21-9 wp-has-aspect-ratio\"><div class=\"wp-block-embed__wrapper\">\n<iframe title=\"Spotify Embed: Bruselas con \u00d1 (07\/06\/25) -Parte I\" style=\"border-radius: 12px\" width=\"100%\" height=\"152\" frameborder=\"0\" allowfullscreen allow=\"autoplay; clipboard-write; encrypted-media; fullscreen; picture-in-picture\" loading=\"lazy\" src=\"https:\/\/open.spotify.com\/embed\/episode\/6RGD25OUbP9RXKvzjAi6vM?si=0d7df396f0194e83&#038;utm_source=oembed\"><\/iframe>\n<\/div><\/figure>\n\n\n\n<p><span style=\"font-weight: 400\">Dimos comienzo a la segunda parte entre risas con <\/span><b>Luis Bellis.<\/b><span style=\"font-weight: 400\"> Despu\u00e9s de unas semanas sin poder disfrutar del humorista, volvi\u00f3 con <\/span><b>\u2018Es broma pero no es mentira\u2019<\/b><span style=\"font-weight: 400\"> para hacernos re\u00edr&#8230; pero sobre todo para defender un colectivo muy afectado por la primavera. <\/span><b>Luis pide justicia por todas las v\u00edctimas\u2026 \u00a1del polen!<\/b><\/p>\n<p><span style=\"font-weight: 400\">Luego volvieron los dilemas filos\u00f3ficos con la secci\u00f3n de <strong>Txomin Lasa. <\/strong>En<strong> \u2018Qu\u00e9 dilema tan grande\u2019,<\/strong> Txomin nos habla del <strong>sentimiento de culpa<\/strong>. \u00bfAcaso cuando nos sentimos culpables<strong> lo hacemos por razones l\u00f3gicas? \u00bfEs justo sentirnos culpables por algo que no hemos hecho necesariamente mal?<\/strong> Esto y m\u00e1s en nuestra secci\u00f3n de filosof\u00eda favorita.\u00a0<\/span><\/p>\n<p><span style=\"font-weight: 400\">Y terminamos el programa, como ya es habitual, apagando las luces del estudio para entrar en <strong>&#8216;La sala de cine\u2019 de Ana Mart\u00ednez<\/strong>. Una vez m\u00e1s repasamos los <strong>estrenos <\/strong>en las carteleras belgas, no sin antes mencionar las pel\u00edculas que han marcado nuestra semana. Hablamos de t\u00edtulos como<em> &#8216;Ballerina&#8217;<\/em> con Ana de Armas o documentales como <em>&#8216;Hayao Miyazaki and the Heron&#8217;, <\/em>que destacan en esta semana.<\/span><\/p>\n\n\n\n<figure class=\"wp-block-embed is-type-rich is-provider-spotify wp-block-embed-spotify wp-embed-aspect-21-9 wp-has-aspect-ratio\"><div class=\"wp-block-embed__wrapper\">\n<iframe title=\"Spotify Embed: Bruselas con \u00d1 (07\/06\/25) - Parte II\" style=\"border-radius: 12px\" width=\"100%\" height=\"152\" frameborder=\"0\" allowfullscreen allow=\"autoplay; clipboard-write; encrypted-media; fullscreen; picture-in-picture\" loading=\"lazy\" src=\"https:\/\/open.spotify.com\/embed\/episode\/4eSSRNKfxlpMCCE5zDkepP?si=UGgB9vgaS0CZFbHn5q8o4A&#038;utm_source=oembed\"><\/iframe>\n<\/div><\/figure>\n","protected":false},"excerpt":{"rendered":"<div class=\"mh-excerpt\"><p>Entramos al primer s\u00e1bado del mes con un programa variado de cultura, actualidad y grandes secciones. Primero, como es habitual, hicimos un repaso de los titulares que marcaron la semana.\u00a0 Despu\u00e9s, tuvimos nuestra secci\u00f3n europea <a class=\"mh-excerpt-more\" href=\"https:\/\/radioalma.eu\/bruselas\/2025\/06\/10\/desde-exposiciones-artisticas-hasta-el-polen-un-programa-marcado-por-la-actualidad-politica-cultural-y-musical\/\" title=\"Desde exposiciones art\u00edsticas hasta el polen, un programa marcado por la actualidad pol\u00edtica, cultural y musical\">[&#8230;]<\/a><\/p>\n<\/div>","protected":false},"author":51,"featured_media":13826,"comment_status":"open","ping_status":"open","sticky":false,"template":"","format":"standard","meta":{"footnotes":""},"categories":[26,2700,2697,2699,29],"tags":[],"class_list":{"0":"post-13822","1":"post","2":"type-post","3":"status-publish","4":"format-standard","5":"has-post-thumbnail","7":"category-agenda-cultural","8":"category-cultura","9":"category-europa","10":"category-politica","11":"category-protagonista-de-la-semana"},"_links":{"self":[{"href":"https:\/\/radioalma.eu\/bruselas\/wp-json\/wp\/v2\/posts\/13822","targetHints":{"allow":["GET"]}}],"collection":[{"href":"https:\/\/radioalma.eu\/bruselas\/wp-json\/wp\/v2\/posts"}],"about":[{"href":"https:\/\/radioalma.eu\/bruselas\/wp-json\/wp\/v2\/types\/post"}],"author":[{"embeddable":true,"href":"https:\/\/radioalma.eu\/bruselas\/wp-json\/wp\/v2\/users\/51"}],"replies":[{"embeddable":true,"href":"https:\/\/radioalma.eu\/bruselas\/wp-json\/wp\/v2\/comments?post=13822"}],"version-history":[{"count":6,"href":"https:\/\/radioalma.eu\/bruselas\/wp-json\/wp\/v2\/posts\/13822\/revisions"}],"predecessor-version":[{"id":13885,"href":"https:\/\/radioalma.eu\/bruselas\/wp-json\/wp\/v2\/posts\/13822\/revisions\/13885"}],"wp:featuredmedia":[{"embeddable":true,"href":"https:\/\/radioalma.eu\/bruselas\/wp-json\/wp\/v2\/media\/13826"}],"wp:attachment":[{"href":"https:\/\/radioalma.eu\/bruselas\/wp-json\/wp\/v2\/media?parent=13822"}],"wp:term":[{"taxonomy":"category","embeddable":true,"href":"https:\/\/radioalma.eu\/bruselas\/wp-json\/wp\/v2\/categories?post=13822"},{"taxonomy":"post_tag","embeddable":true,"href":"https:\/\/radioalma.eu\/bruselas\/wp-json\/wp\/v2\/tags?post=13822"}],"curies":[{"name":"wp","href":"https:\/\/api.w.org\/{rel}","templated":true}]}}