{"id":13829,"date":"2025-06-10T14:01:39","date_gmt":"2025-06-10T13:01:39","guid":{"rendered":"https:\/\/radioalma.eu\/bruselas\/?p=13829"},"modified":"2025-06-10T14:01:42","modified_gmt":"2025-06-10T13:01:42","slug":"la-ue-al-dia-la-problematica-de-las-lenguas-y-la-libertad-de-los-medios-con-iago-lombardia","status":"publish","type":"post","link":"https:\/\/radioalma.eu\/bruselas\/2025\/06\/10\/la-ue-al-dia-la-problematica-de-las-lenguas-y-la-libertad-de-los-medios-con-iago-lombardia\/","title":{"rendered":"&#8216;La UE al d\u00eda&#8217;: la problem\u00e1tica de las lenguas y la libertad de los medios con Iago lombard\u00eda"},"content":{"rendered":"\n<p><span style=\"font-weight: 400\">Analizamos la actualidad europea en nuestra secci\u00f3n de <\/span><b>\u2018La UE al d\u00eda\u2019<\/b><span style=\"font-weight: 400\">. <\/span><b>Iago Lombard\u00eda<\/b><span style=\"font-weight: 400\"> vuelve al estudio para aclararnos cu\u00e1l es la situaci\u00f3n de nuestras lenguas dentro de la Uni\u00f3n Europea.<\/span><b> \u00bfEst\u00e1n el catal\u00e1n, el gallego o el euskera representados en el Parlamento?<\/b><span style=\"font-weight: 400\"> \u00bfQu\u00e9 est\u00e1 ocurriendo con su oficializaci\u00f3n dentro de la UE? <\/span><\/p>\n<p><span style=\"font-weight: 400\">Adem\u00e1s, Iago despeja dudas con<\/span><b> las multas y advertencias puestas sobre el medio alem\u00e1n<\/b> <b><i>\u2018Red Media\u2019<\/i><\/b><span style=\"font-weight: 400\">. \u00bfPuede la Uni\u00f3n Europea tomar decisiones en relaci\u00f3n a lo que los medios publican? <strong>\u00bfQu\u00e9 sanciones se pueden percibir?<\/strong> Estas cuestiones y su explicaci\u00f3n en esta nueva entrega de la secci\u00f3n.\u00a0<\/span><\/p>\n\n\n\n<figure class=\"wp-block-embed is-type-rich is-provider-spotify wp-block-embed-spotify wp-embed-aspect-21-9 wp-has-aspect-ratio\"><div class=\"wp-block-embed__wrapper\">\n<iframe title=\"Spotify Embed: &amp;apos;La UE al d\u00eda&amp;apos;: las lenguas cooficiales en la UE y la censura de medios\" style=\"border-radius: 12px\" width=\"100%\" height=\"152\" frameborder=\"0\" allowfullscreen allow=\"autoplay; clipboard-write; encrypted-media; fullscreen; picture-in-picture\" loading=\"lazy\" src=\"https:\/\/open.spotify.com\/embed\/episode\/7eBAOzm4g0yuldYJVoOVhb?si=p83JSNFST3WOW0gS5kjSxA&#038;utm_source=oembed\"><\/iframe>\n<\/div><\/figure>\n","protected":false},"excerpt":{"rendered":"<div class=\"mh-excerpt\"><p>Analizamos la actualidad europea en nuestra secci\u00f3n de \u2018La UE al d\u00eda\u2019. Iago Lombard\u00eda vuelve al estudio para aclararnos cu\u00e1l es la situaci\u00f3n de nuestras lenguas dentro de la Uni\u00f3n Europea. \u00bfEst\u00e1n el catal\u00e1n, el <a class=\"mh-excerpt-more\" href=\"https:\/\/radioalma.eu\/bruselas\/2025\/06\/10\/la-ue-al-dia-la-problematica-de-las-lenguas-y-la-libertad-de-los-medios-con-iago-lombardia\/\" title=\"&#8216;La UE al d\u00eda&#8217;: la problem\u00e1tica de las lenguas y la libertad de los medios con Iago lombard\u00eda\">[&#8230;]<\/a><\/p>\n<\/div>","protected":false},"author":51,"featured_media":13834,"comment_status":"open","ping_status":"open","sticky":false,"template":"","format":"standard","meta":{"footnotes":""},"categories":[2697,2699],"tags":[],"class_list":{"0":"post-13829","1":"post","2":"type-post","3":"status-publish","4":"format-standard","5":"has-post-thumbnail","7":"category-europa","8":"category-politica"},"_links":{"self":[{"href":"https:\/\/radioalma.eu\/bruselas\/wp-json\/wp\/v2\/posts\/13829","targetHints":{"allow":["GET"]}}],"collection":[{"href":"https:\/\/radioalma.eu\/bruselas\/wp-json\/wp\/v2\/posts"}],"about":[{"href":"https:\/\/radioalma.eu\/bruselas\/wp-json\/wp\/v2\/types\/post"}],"author":[{"embeddable":true,"href":"https:\/\/radioalma.eu\/bruselas\/wp-json\/wp\/v2\/users\/51"}],"replies":[{"embeddable":true,"href":"https:\/\/radioalma.eu\/bruselas\/wp-json\/wp\/v2\/comments?post=13829"}],"version-history":[{"count":5,"href":"https:\/\/radioalma.eu\/bruselas\/wp-json\/wp\/v2\/posts\/13829\/revisions"}],"predecessor-version":[{"id":13863,"href":"https:\/\/radioalma.eu\/bruselas\/wp-json\/wp\/v2\/posts\/13829\/revisions\/13863"}],"wp:featuredmedia":[{"embeddable":true,"href":"https:\/\/radioalma.eu\/bruselas\/wp-json\/wp\/v2\/media\/13834"}],"wp:attachment":[{"href":"https:\/\/radioalma.eu\/bruselas\/wp-json\/wp\/v2\/media?parent=13829"}],"wp:term":[{"taxonomy":"category","embeddable":true,"href":"https:\/\/radioalma.eu\/bruselas\/wp-json\/wp\/v2\/categories?post=13829"},{"taxonomy":"post_tag","embeddable":true,"href":"https:\/\/radioalma.eu\/bruselas\/wp-json\/wp\/v2\/tags?post=13829"}],"curies":[{"name":"wp","href":"https:\/\/api.w.org\/{rel}","templated":true}]}}