{"id":13830,"date":"2025-06-10T14:07:32","date_gmt":"2025-06-10T13:07:32","guid":{"rendered":"https:\/\/radioalma.eu\/bruselas\/?p=13830"},"modified":"2025-06-11T10:08:47","modified_gmt":"2025-06-11T09:08:47","slug":"nos-acompana-miguel-oliver-para-presentarnos-su-exposicion-errances","status":"publish","type":"post","link":"https:\/\/radioalma.eu\/bruselas\/2025\/06\/10\/nos-acompana-miguel-oliver-para-presentarnos-su-exposicion-errances\/","title":{"rendered":"Miguel Oliver y Ester Zaragoz\u00e1 nos llevan de viaje a un centenar de lugares con su exposici\u00f3n &#8216;Errances&#8217;"},"content":{"rendered":"\n<p><span style=\"font-weight: 400\">En el \u00faltimo programa, salimos del estudio para asomarnos por las ventanas que han abierto los artistas <strong>Miguel Oliver<\/strong><\/span> y <b>Ester Zaragoz\u00e1 <\/b><b>en el LAB de la Embajada de Espa\u00f1a. <\/b><\/p>\n<p><b>Ventanas que nos llevan a una remota playa de Portugal<\/b>. Ventanas que nos dejan admirar los tejados de las casas de alg\u00fan pueblo de Espa\u00f1a,<b> otras que nos transportan a Delfos<\/b> o nos quitan la respiraci\u00f3n al admirar los colores de un paisaje de Holanda. Ventanas que nos llevan a<b> escuchar el agua fresca de un r\u00edo <\/b>y otras que nos desplazan al \u00e1rido paisaje de la Mancha en verano\u2026<\/p>\n<p>Oliver y Zaragoz\u00e1 son dos <strong>artistas residentes en Bruselas<\/strong> que han creado la<strong> muestra &#8216;Errances&#8217;<\/strong>. Una exposici\u00f3n fruto de los numerosos <strong>viajes<\/strong> que estos artistas llevan haciendo desde 2018. Recorridos que les llevan por parajes diversos y en los que acompa\u00f1ados de un lienzo de tama\u00f1o A4, deciden parar el tiempo. Parar para contemplar, parar para capturar ese instante con pinceles y <em>gouache<\/em>. Parar para llenar un folio en blanco de colores.<\/p>\n<p><b>Errances naci\u00f3 como cuaderno de viajes en una libreta <\/b>pero se ha convertido en ventanas por las que el p\u00fablico se podr\u00e1 asomar hasta el 6 de julio para visitar todos esos lugares que durante a\u00f1os descubrieron los artistas<b>.\u00a0<\/b><\/p>\n<p>La exposici\u00f3n sigue en la Embajada abierta a cualquiera que la quiera visitar y<strong> las obras se pueden adquirir<\/strong>. Miguel nos explica todo en esta entrevista, nos anima a disfrutar de los entornos naturales que nos rodean&#8230; <strong>\u00a1Y a darle una oportunidad a nuestra creatividad cogiendo un pincel y un papel A4!\u00a0<\/strong><\/p>\n\n\n\n<figure class=\"wp-block-embed is-type-rich is-provider-spotify wp-block-embed-spotify wp-embed-aspect-21-9 wp-has-aspect-ratio\"><div class=\"wp-block-embed__wrapper\">\n<iframe title=\"Spotify Embed: Entrevista: Miguel Oliver (artista)\" style=\"border-radius: 12px\" width=\"100%\" height=\"152\" frameborder=\"0\" allowfullscreen allow=\"autoplay; clipboard-write; encrypted-media; fullscreen; picture-in-picture\" loading=\"lazy\" src=\"https:\/\/open.spotify.com\/embed\/episode\/0A2SqBWjajpdPs3flITenx?si=sSZo6NdcRpGzcnsC-fMY5g&#038;utm_source=oembed\"><\/iframe>\n<\/div><\/figure>\n","protected":false},"excerpt":{"rendered":"<div class=\"mh-excerpt\"><p>En el \u00faltimo programa, salimos del estudio para asomarnos por las ventanas que han abierto los artistas Miguel Oliver y Ester Zaragoz\u00e1 en el LAB de la Embajada de Espa\u00f1a. Ventanas que nos llevan a <a class=\"mh-excerpt-more\" href=\"https:\/\/radioalma.eu\/bruselas\/2025\/06\/10\/nos-acompana-miguel-oliver-para-presentarnos-su-exposicion-errances\/\" title=\"Miguel Oliver y Ester Zaragoz\u00e1 nos llevan de viaje a un centenar de lugares con su exposici\u00f3n &#8216;Errances&#8217;\">[&#8230;]<\/a><\/p>\n<\/div>","protected":false},"author":51,"featured_media":13835,"comment_status":"open","ping_status":"open","sticky":false,"template":"","format":"standard","meta":{"footnotes":""},"categories":[2700,29],"tags":[],"class_list":{"0":"post-13830","1":"post","2":"type-post","3":"status-publish","4":"format-standard","5":"has-post-thumbnail","7":"category-cultura","8":"category-protagonista-de-la-semana"},"_links":{"self":[{"href":"https:\/\/radioalma.eu\/bruselas\/wp-json\/wp\/v2\/posts\/13830","targetHints":{"allow":["GET"]}}],"collection":[{"href":"https:\/\/radioalma.eu\/bruselas\/wp-json\/wp\/v2\/posts"}],"about":[{"href":"https:\/\/radioalma.eu\/bruselas\/wp-json\/wp\/v2\/types\/post"}],"author":[{"embeddable":true,"href":"https:\/\/radioalma.eu\/bruselas\/wp-json\/wp\/v2\/users\/51"}],"replies":[{"embeddable":true,"href":"https:\/\/radioalma.eu\/bruselas\/wp-json\/wp\/v2\/comments?post=13830"}],"version-history":[{"count":9,"href":"https:\/\/radioalma.eu\/bruselas\/wp-json\/wp\/v2\/posts\/13830\/revisions"}],"predecessor-version":[{"id":13880,"href":"https:\/\/radioalma.eu\/bruselas\/wp-json\/wp\/v2\/posts\/13830\/revisions\/13880"}],"wp:featuredmedia":[{"embeddable":true,"href":"https:\/\/radioalma.eu\/bruselas\/wp-json\/wp\/v2\/media\/13835"}],"wp:attachment":[{"href":"https:\/\/radioalma.eu\/bruselas\/wp-json\/wp\/v2\/media?parent=13830"}],"wp:term":[{"taxonomy":"category","embeddable":true,"href":"https:\/\/radioalma.eu\/bruselas\/wp-json\/wp\/v2\/categories?post=13830"},{"taxonomy":"post_tag","embeddable":true,"href":"https:\/\/radioalma.eu\/bruselas\/wp-json\/wp\/v2\/tags?post=13830"}],"curies":[{"name":"wp","href":"https:\/\/api.w.org\/{rel}","templated":true}]}}