{"id":13840,"date":"2025-06-10T14:08:44","date_gmt":"2025-06-10T13:08:44","guid":{"rendered":"https:\/\/radioalma.eu\/bruselas\/?p=13840"},"modified":"2025-06-11T10:11:20","modified_gmt":"2025-06-11T09:11:20","slug":"el-menu-musical-de-ruth-prieto-para-el-mes-de-junio","status":"publish","type":"post","link":"https:\/\/radioalma.eu\/bruselas\/2025\/06\/10\/el-menu-musical-de-ruth-prieto-para-el-mes-de-junio\/","title":{"rendered":"El men\u00fa musical de Ruth Prieto para el mes de junio"},"content":{"rendered":"\n<p data-start=\"187\" data-end=\"316\">Como cada mes,<strong> en <em data-start=\"205\" data-end=\"222\">M\u00fasica al dente<\/em>, Ruth Prieto<\/strong> nos presenta la carta con el men\u00fa musical imprescindible en la capital belga.<\/p>\n<p data-start=\"318\" data-end=\"1078\">Como entrante, <strong>una <em data-start=\"337\" data-end=\"345\">Carmen<\/em> renovada en La Monnaie:<\/strong> vuelve la \u00f3pera cl\u00e1sica de Bizet, esta vez c<strong>on una puesta en escena sin estereotipos y adaptada a las problem\u00e1ticas del presente<\/strong>. El plato fuerte se sirve en<strong> Flagey,<\/strong> donde actuar\u00e1n los <strong>ganadores del Concurso Reina Elisabeth; el joven Nikola Meeuwsen se ha alzado con el primer premio,<\/strong> y hay representaci\u00f3n belga en el podio con el tercer puesto para <strong>Val\u00e8re Burnon<\/strong>. Adem\u00e1s, <strong>BOZAR<\/strong> propone una buena guarnici\u00f3n: mucha percusi\u00f3n con<strong> <em data-start=\"801\" data-end=\"828\">Percussions de Strasbourg<\/em>, Lander Gyselinck,<\/strong> y una colaboraci\u00f3n imperdible entre <strong>Peter Sellars y el <em data-start=\"903\" data-end=\"931\">Los Angeles Master Chorale<\/em>.<\/strong> \u00bfY de postre? Una joven pianista, ex concursante del Reina Elisabeth, estrenar\u00e1 mundialmente una obra olvidada de una gran compositora hist\u00f3rica.<\/p>\n\n\n\n<figure class=\"wp-block-embed is-type-rich is-provider-spotify wp-block-embed-spotify wp-embed-aspect-21-9 wp-has-aspect-ratio\"><div class=\"wp-block-embed__wrapper\">\n<iframe title=\"Spotify Embed: &amp;apos;M\u00fasica al dente&amp;apos;: El men\u00fa musical de junio\" style=\"border-radius: 12px\" width=\"100%\" height=\"152\" frameborder=\"0\" allowfullscreen allow=\"autoplay; clipboard-write; encrypted-media; fullscreen; picture-in-picture\" loading=\"lazy\" src=\"https:\/\/open.spotify.com\/embed\/episode\/2mtLCpvN7LF16ZyQFjQD5G?si=9LOX0kmxTHK1RECIPFvVGA&#038;utm_source=oembed\"><\/iframe>\n<\/div><\/figure>\n","protected":false},"excerpt":{"rendered":"<div class=\"mh-excerpt\"><p>Como cada mes, en M\u00fasica al dente, Ruth Prieto nos presenta la carta con el men\u00fa musical imprescindible en la capital belga. Como entrante, una Carmen renovada en La Monnaie: vuelve la \u00f3pera cl\u00e1sica de <a class=\"mh-excerpt-more\" href=\"https:\/\/radioalma.eu\/bruselas\/2025\/06\/10\/el-menu-musical-de-ruth-prieto-para-el-mes-de-junio\/\" title=\"El men\u00fa musical de Ruth Prieto para el mes de junio\">[&#8230;]<\/a><\/p>\n<\/div>","protected":false},"author":51,"featured_media":13357,"comment_status":"open","ping_status":"open","sticky":false,"template":"","format":"standard","meta":{"footnotes":""},"categories":[26,2700],"tags":[],"class_list":{"0":"post-13840","1":"post","2":"type-post","3":"status-publish","4":"format-standard","5":"has-post-thumbnail","7":"category-agenda-cultural","8":"category-cultura"},"_links":{"self":[{"href":"https:\/\/radioalma.eu\/bruselas\/wp-json\/wp\/v2\/posts\/13840","targetHints":{"allow":["GET"]}}],"collection":[{"href":"https:\/\/radioalma.eu\/bruselas\/wp-json\/wp\/v2\/posts"}],"about":[{"href":"https:\/\/radioalma.eu\/bruselas\/wp-json\/wp\/v2\/types\/post"}],"author":[{"embeddable":true,"href":"https:\/\/radioalma.eu\/bruselas\/wp-json\/wp\/v2\/users\/51"}],"replies":[{"embeddable":true,"href":"https:\/\/radioalma.eu\/bruselas\/wp-json\/wp\/v2\/comments?post=13840"}],"version-history":[{"count":8,"href":"https:\/\/radioalma.eu\/bruselas\/wp-json\/wp\/v2\/posts\/13840\/revisions"}],"predecessor-version":[{"id":13882,"href":"https:\/\/radioalma.eu\/bruselas\/wp-json\/wp\/v2\/posts\/13840\/revisions\/13882"}],"wp:featuredmedia":[{"embeddable":true,"href":"https:\/\/radioalma.eu\/bruselas\/wp-json\/wp\/v2\/media\/13357"}],"wp:attachment":[{"href":"https:\/\/radioalma.eu\/bruselas\/wp-json\/wp\/v2\/media?parent=13840"}],"wp:term":[{"taxonomy":"category","embeddable":true,"href":"https:\/\/radioalma.eu\/bruselas\/wp-json\/wp\/v2\/categories?post=13840"},{"taxonomy":"post_tag","embeddable":true,"href":"https:\/\/radioalma.eu\/bruselas\/wp-json\/wp\/v2\/tags?post=13840"}],"curies":[{"name":"wp","href":"https:\/\/api.w.org\/{rel}","templated":true}]}}