{"id":13947,"date":"2025-06-20T12:00:00","date_gmt":"2025-06-20T11:00:00","guid":{"rendered":"https:\/\/radioalma.eu\/bruselas\/?p=13947"},"modified":"2025-06-23T11:40:24","modified_gmt":"2025-06-23T10:40:24","slug":"un-programa-lleno-de-artistas-improvisacion-y-muchos-dilemas","status":"publish","type":"post","link":"https:\/\/radioalma.eu\/bruselas\/2025\/06\/20\/un-programa-lleno-de-artistas-improvisacion-y-muchos-dilemas\/","title":{"rendered":"Un programa lleno de artistas, improvisaci\u00f3n y muchos dilemas"},"content":{"rendered":"\n<p><span style=\"font-weight: 400\">El pasado s\u00e1bado tuvimos un programa cargado de secciones, eventos y mucho talento. Primero, eso s\u00ed, hicimos un repaso a los titulares que marcaron la semana.\u00a0<\/span><\/p>\n<p><span style=\"font-weight: 400\">Y despu\u00e9s comenzaremos subidos al escenario porque una semana m\u00e1s, el teatro se col\u00f3 en nuestro estudio, esta vez, con una propuesta de improvisaci\u00f3n. Descubrimos con uno de sus actores,<\/span><b> N\u00e9stor Antonino<\/b><span style=\"font-weight: 400\">, <\/span><b>\u201cImprovyglot on Stage\u201d<\/b><span style=\"font-weight: 400\">. Un espect\u00e1culo donde <\/span><b>actores y actrices juegan y crean mezclando franc\u00e9s, ingl\u00e9s, espa\u00f1ol, neerland\u00e9s\u2026 \u00a1y alg\u00fan que otro idioma m\u00e1s! <\/b><\/p>\n<p><span style=\"font-weight: 400\">Y no nos alejamos de la cultura ni del arte porque nuestra siguiente invitada llen\u00f3 la emisi\u00f3n de m\u00fasica. Nos acompa\u00f1\u00f3 <strong>Yoly Rojas<\/strong>, <strong>compositora, cantante, productora\u2026 y hasta profesora de m\u00fasica.<\/strong> Su m\u00fasica abarca desde la m\u00fasica sinf\u00f3nica y electroac\u00fastica hasta el rock experimental. Ahora, ha lanzado su proyecto en solitario,<\/span> <b><i>Yoly Rojas\u2019 Project<\/i><\/b><b>. Nos adelant\u00f3 novedades de su trabajo, que podremos disfrutarlo<\/b><span style=\"font-weight: 400\"> el pr\u00f3ximo s\u00e1bado 28 a las 19:30 en el centro cultural Metaprosa.<\/span><\/p>\n<p><span style=\"font-weight: 400\">Para dar fin a la primera parte, tambi\u00e9n tuvimos a una invitada que se dedica al arte y la pintura.\u00a0 <\/span><b>S\u00edlvia Sartorio Coral<\/b><span style=\"font-weight: 400\"> es capaz de transportarnos a <\/span><b>paisajes <\/b><span style=\"font-weight: 400\">que van <\/span><b>desde la Barceloneta al Cine Stockel<\/b><span style=\"font-weight: 400\"> pasando por la casa Batll\u00f3 o las Galer\u00edas reales de Bruselas.<\/span> <span style=\"font-weight: 400\">Es ilustradora, actriz y abogada, aunque decidi\u00f3<\/span><b> dejar el derecho y dedicarse a lo que verdaderamente le llena y le hace feliz: el arte. <\/b><\/p>\n\n\n\n<figure class=\"wp-block-embed is-type-rich is-provider-spotify wp-block-embed-spotify wp-embed-aspect-21-9 wp-has-aspect-ratio\"><div class=\"wp-block-embed__wrapper\">\n<iframe title=\"Spotify Embed: Bruselas con \u00d1 (21\/06\/25) - Parte I\" style=\"border-radius: 12px\" width=\"100%\" height=\"152\" frameborder=\"0\" allowfullscreen allow=\"autoplay; clipboard-write; encrypted-media; fullscreen; picture-in-picture\" loading=\"lazy\" src=\"https:\/\/open.spotify.com\/embed\/episode\/5ADGXX954cILbXNE4CbFHE?si=thQcRN93SGGZwq_OMQ9QDg&#038;utm_source=oembed\"><\/iframe>\n<\/div><\/figure>\n\n\n\n<p>Seguiremos la segunda parte del programa llen\u00e1ndola de secciones. Primero, <b>Luis Bellis y Lidia Pe\u00f1a<\/b> se volvieron a unir en <b>\u2018Es broma pero no es mentira\u2019<\/b> para traernos un dilema de verano: las noches en Bruselas. Desde<b> problemas con son\u00e1mbulos, hasta aguantar ronquidos, pasando por los calores<\/b> y la luz de las ventanas sin persiana. Una \u00faltima secci\u00f3n de la temporada por todo lo alto\u2026 con la que es muy f\u00e1cil sentirse identificados.<\/p>\n<p>Y de dilemas nocturnos a otro dilema\u2026 filos\u00f3fico. Nos volvi\u00f3 a acompa\u00f1ar <strong>Txomin Lasa<\/strong> para hacernos pensar con su<strong> \u2018Qu\u00e9 dilema tan grande\u2019.<\/strong> Hablando de <strong>recreaciones hist\u00f3ricas como el <em data-start=\"155\" data-end=\"165\">Ommegang<\/em>,<\/strong> y la creciente obsesi\u00f3n por el \u00abrealismo\u00bb de las experiencias inmersivas&#8230; Txomin nos lanza una pregunta: <strong>\u00bfy si nosotros mismos estuvi\u00e9ramos inmersos en una recreaci\u00f3n hist\u00f3rica, dise\u00f1ada por una civilizaci\u00f3n futura?<\/strong> Una hip\u00f3tesis bizarra que, curiosamente, ha ido ganando adeptos entre los CEOs de Silicon Valley.<\/p>\n<p>Terminamos, como siempre, con <b>\u2018La sala de cine\u2019<\/b>, aunque esta vez sin la compa\u00f1\u00eda de <b>Ana Mart\u00ednez<\/b>. Apagamos las luces del estudio una vez m\u00e1s, para hablar de algunas pel\u00edculas, an\u00e9cdotas de ir al cin,<b>\u00a0<\/b>y descubrimos tambi\u00e9n los nuevos<b> t\u00edtulos que llenar\u00e1n las carteleras<\/b>. \u00a1Grandes recomendaciones desde animaci\u00f3n con <i>Elio <\/i>hasta comedias dram\u00e1ticas francesas como <i>La Venue de L\u2019avenir<\/i>!<\/p>\n<p>\u00a0<\/p>\n\n\n\n<figure class=\"wp-block-embed is-type-rich is-provider-spotify wp-block-embed-spotify wp-embed-aspect-21-9 wp-has-aspect-ratio\"><div class=\"wp-block-embed__wrapper\">\n<iframe title=\"Spotify Embed: Bruselas con \u00d1 (21\/06\/25) - Parte II\" style=\"border-radius: 12px\" width=\"100%\" height=\"152\" frameborder=\"0\" allowfullscreen allow=\"autoplay; clipboard-write; encrypted-media; fullscreen; picture-in-picture\" loading=\"lazy\" src=\"https:\/\/open.spotify.com\/embed\/episode\/1UY7aSrzGrSeR0YZFWMO7h?si=HtfijuTlTtipKAbhwODDbA&#038;utm_source=oembed\"><\/iframe>\n<\/div><\/figure>\n","protected":false},"excerpt":{"rendered":"<div class=\"mh-excerpt\"><p>El pasado s\u00e1bado tuvimos un programa cargado de secciones, eventos y mucho talento. Primero, eso s\u00ed, hicimos un repaso a los titulares que marcaron la semana.\u00a0 Y despu\u00e9s comenzaremos subidos al escenario porque una semana <a class=\"mh-excerpt-more\" href=\"https:\/\/radioalma.eu\/bruselas\/2025\/06\/20\/un-programa-lleno-de-artistas-improvisacion-y-muchos-dilemas\/\" title=\"Un programa lleno de artistas, improvisaci\u00f3n y muchos dilemas\">[&#8230;]<\/a><\/p>\n<\/div>","protected":false},"author":51,"featured_media":13956,"comment_status":"open","ping_status":"open","sticky":false,"template":"","format":"standard","meta":{"footnotes":""},"categories":[26,2700,29],"tags":[],"class_list":{"0":"post-13947","1":"post","2":"type-post","3":"status-publish","4":"format-standard","5":"has-post-thumbnail","7":"category-agenda-cultural","8":"category-cultura","9":"category-protagonista-de-la-semana"},"_links":{"self":[{"href":"https:\/\/radioalma.eu\/bruselas\/wp-json\/wp\/v2\/posts\/13947","targetHints":{"allow":["GET"]}}],"collection":[{"href":"https:\/\/radioalma.eu\/bruselas\/wp-json\/wp\/v2\/posts"}],"about":[{"href":"https:\/\/radioalma.eu\/bruselas\/wp-json\/wp\/v2\/types\/post"}],"author":[{"embeddable":true,"href":"https:\/\/radioalma.eu\/bruselas\/wp-json\/wp\/v2\/users\/51"}],"replies":[{"embeddable":true,"href":"https:\/\/radioalma.eu\/bruselas\/wp-json\/wp\/v2\/comments?post=13947"}],"version-history":[{"count":10,"href":"https:\/\/radioalma.eu\/bruselas\/wp-json\/wp\/v2\/posts\/13947\/revisions"}],"predecessor-version":[{"id":13995,"href":"https:\/\/radioalma.eu\/bruselas\/wp-json\/wp\/v2\/posts\/13947\/revisions\/13995"}],"wp:featuredmedia":[{"embeddable":true,"href":"https:\/\/radioalma.eu\/bruselas\/wp-json\/wp\/v2\/media\/13956"}],"wp:attachment":[{"href":"https:\/\/radioalma.eu\/bruselas\/wp-json\/wp\/v2\/media?parent=13947"}],"wp:term":[{"taxonomy":"category","embeddable":true,"href":"https:\/\/radioalma.eu\/bruselas\/wp-json\/wp\/v2\/categories?post=13947"},{"taxonomy":"post_tag","embeddable":true,"href":"https:\/\/radioalma.eu\/bruselas\/wp-json\/wp\/v2\/tags?post=13947"}],"curies":[{"name":"wp","href":"https:\/\/api.w.org\/{rel}","templated":true}]}}