{"id":13958,"date":"2025-06-23T11:36:42","date_gmt":"2025-06-23T10:36:42","guid":{"rendered":"https:\/\/radioalma.eu\/bruselas\/?p=13958"},"modified":"2025-06-24T10:48:59","modified_gmt":"2025-06-24T09:48:59","slug":"vivimos-en-una-simulacion-en-que-dilema-tan-grande","status":"publish","type":"post","link":"https:\/\/radioalma.eu\/bruselas\/2025\/06\/23\/vivimos-en-una-simulacion-en-que-dilema-tan-grande\/","title":{"rendered":"\u00bfVivimos en una simulaci\u00f3n? En &#8216;Qu\u00e9 dilema tan grande&#8217;"},"content":{"rendered":"\n<p>Esta semana, nos vuelve a acompa\u00f1ar <strong>Txomin Lasa <\/strong>para hacernos reflexionar con su <strong>\u2018Qu\u00e9 dilema tan grande\u2019. <\/strong>En esta ocasi\u00f3n, partiremos del <strong>Ommegang, la gran recreaci\u00f3n hist\u00f3rica que tendr\u00e1 lugar los d\u00edas 2 y 4 de julio en Bruselas<\/strong>, y que revive con todo detalle la entrada de Carlos V en la ciudad en el siglo XVI. A partir de ah\u00ed, hablaremos de la creciente tendencia a crear experiencias cada vez m\u00e1s realistas e inmersivas, no solo con fines de entretenimiento, sino tambi\u00e9n como una nueva v\u00eda para divulgar la historia.<\/p>\n\n\n\n<p>Pero&#8230; \u00bfd\u00f3nde est\u00e1n los l\u00edmites de la simulaci\u00f3n hist\u00f3rica? Txomin nos lanza una pregunta provocadora: <strong>\u00bfy si nosotros mismos estuvi\u00e9ramos inmersos en una recreaci\u00f3n hist\u00f3rica, dise\u00f1ada por una civilizaci\u00f3n futura? <\/strong>Una hip\u00f3tesis bizarra \u2014con ecos de ciencia ficci\u00f3n\u2014 que, curiosamente, ha ido ganando adeptos entre algunos CEOs de Silicon Valley.<\/p>\n\n\n\n\n\n<figure class=\"wp-block-embed is-type-rich is-provider-spotify wp-block-embed-spotify wp-embed-aspect-21-9 wp-has-aspect-ratio\"><div class=\"wp-block-embed__wrapper\">\n<iframe title=\"Spotify Embed: &quot;Qu\u00e9 dilema tan grande&quot;: \u00bfVivimos en una simulaci\u00f3n?\" style=\"border-radius: 12px\" width=\"100%\" height=\"152\" frameborder=\"0\" allowfullscreen allow=\"autoplay; clipboard-write; encrypted-media; fullscreen; picture-in-picture\" loading=\"lazy\" src=\"https:\/\/open.spotify.com\/embed\/episode\/1PXw0LFQyO8ImSWIySf0uI?si=51846d6ae8c443c2&#038;utm_source=oembed\"><\/iframe>\n<\/div><\/figure>\n\n\n\n\n","protected":false},"excerpt":{"rendered":"<div class=\"mh-excerpt\"><p>Esta semana, nos vuelve a acompa\u00f1ar Txomin Lasa para hacernos reflexionar con su \u2018Qu\u00e9 dilema tan grande\u2019. En esta ocasi\u00f3n, partiremos del Ommegang, la gran recreaci\u00f3n hist\u00f3rica que tendr\u00e1 lugar los d\u00edas 2 y 4 <a class=\"mh-excerpt-more\" href=\"https:\/\/radioalma.eu\/bruselas\/2025\/06\/23\/vivimos-en-una-simulacion-en-que-dilema-tan-grande\/\" title=\"\u00bfVivimos en una simulaci\u00f3n? En &#8216;Qu\u00e9 dilema tan grande&#8217;\">[&#8230;]<\/a><\/p>\n<\/div>","protected":false},"author":51,"featured_media":13960,"comment_status":"open","ping_status":"open","sticky":false,"template":"","format":"standard","meta":{"footnotes":""},"categories":[2700],"tags":[],"class_list":{"0":"post-13958","1":"post","2":"type-post","3":"status-publish","4":"format-standard","5":"has-post-thumbnail","7":"category-cultura"},"_links":{"self":[{"href":"https:\/\/radioalma.eu\/bruselas\/wp-json\/wp\/v2\/posts\/13958","targetHints":{"allow":["GET"]}}],"collection":[{"href":"https:\/\/radioalma.eu\/bruselas\/wp-json\/wp\/v2\/posts"}],"about":[{"href":"https:\/\/radioalma.eu\/bruselas\/wp-json\/wp\/v2\/types\/post"}],"author":[{"embeddable":true,"href":"https:\/\/radioalma.eu\/bruselas\/wp-json\/wp\/v2\/users\/51"}],"replies":[{"embeddable":true,"href":"https:\/\/radioalma.eu\/bruselas\/wp-json\/wp\/v2\/comments?post=13958"}],"version-history":[{"count":6,"href":"https:\/\/radioalma.eu\/bruselas\/wp-json\/wp\/v2\/posts\/13958\/revisions"}],"predecessor-version":[{"id":14018,"href":"https:\/\/radioalma.eu\/bruselas\/wp-json\/wp\/v2\/posts\/13958\/revisions\/14018"}],"wp:featuredmedia":[{"embeddable":true,"href":"https:\/\/radioalma.eu\/bruselas\/wp-json\/wp\/v2\/media\/13960"}],"wp:attachment":[{"href":"https:\/\/radioalma.eu\/bruselas\/wp-json\/wp\/v2\/media?parent=13958"}],"wp:term":[{"taxonomy":"category","embeddable":true,"href":"https:\/\/radioalma.eu\/bruselas\/wp-json\/wp\/v2\/categories?post=13958"},{"taxonomy":"post_tag","embeddable":true,"href":"https:\/\/radioalma.eu\/bruselas\/wp-json\/wp\/v2\/tags?post=13958"}],"curies":[{"name":"wp","href":"https:\/\/api.w.org\/{rel}","templated":true}]}}