{"id":13962,"date":"2025-06-23T11:34:20","date_gmt":"2025-06-23T10:34:20","guid":{"rendered":"https:\/\/radioalma.eu\/bruselas\/?p=13962"},"modified":"2025-06-23T11:34:23","modified_gmt":"2025-06-23T10:34:23","slug":"nuevos-estrenos-y-anecdotas-en-la-sala-de-cine","status":"publish","type":"post","link":"https:\/\/radioalma.eu\/bruselas\/2025\/06\/23\/nuevos-estrenos-y-anecdotas-en-la-sala-de-cine\/","title":{"rendered":"Nuevos estrenos y an\u00e9cdotas en &#8216;La sala de cine&#8217;"},"content":{"rendered":"\n<p data-start=\"184\" data-end=\"598\">Una semana m\u00e1s, cerramos el programa con <strong>\u2018La sala de cine\u2019,<\/strong> aunque esta vez sin la compa\u00f1\u00eda de Ana Mart\u00ednez. Apagaremos las luces del estudio para hablar de algunas de las \u00faltimas pel\u00edculas que hemos podido ver, como<strong> <em data-start=\"401\" data-end=\"427\">Vicky Cristina Barcelona<\/em>,<\/strong> y tambi\u00e9n de algunas extra\u00f1as an\u00e9cdotas que nos han ocurrido \u00faltimamente en la sala de cine (porque, a veces, lo que pasa fuera de la pantalla es m\u00e1s interesante que lo que ocurre dentro).<\/p>\n<p data-start=\"600\" data-end=\"922\">Y, c\u00f3mo no, hablaremos de los <strong>nuevos t\u00edtulos que protagonizar\u00e1n las carteleras en los pr\u00f3ximos d\u00edas: <\/strong>desde lo nuevo del estudio Pixar con <strong><em data-start=\"763\" data-end=\"769\">Elio,<\/em> <\/strong>hasta comedias dram\u00e1ticas francesas como <strong><em data-start=\"811\" data-end=\"833\">La Venue de l\u2019avenir<\/em>,<\/strong> hay opciones para todos los gustos.\u00a0<\/p>\n<p>\u00a0<\/p>\n\n\n\n<figure class=\"wp-block-embed is-type-rich is-provider-spotify wp-block-embed-spotify wp-embed-aspect-21-9 wp-has-aspect-ratio\"><div class=\"wp-block-embed__wrapper\">\n<iframe title=\"Spotify Embed: &quot;La sala de cine&quot;: nuevos estrenos y an\u00e9cdotas de cine\" style=\"border-radius: 12px\" width=\"100%\" height=\"152\" frameborder=\"0\" allowfullscreen allow=\"autoplay; clipboard-write; encrypted-media; fullscreen; picture-in-picture\" loading=\"lazy\" src=\"https:\/\/open.spotify.com\/embed\/episode\/1fvbMXFVmkak2cvpS6IFmX?si=3d140311ad1a4a8a&#038;utm_source=oembed\"><\/iframe>\n<\/div><\/figure>\n","protected":false},"excerpt":{"rendered":"<div class=\"mh-excerpt\"><p>Una semana m\u00e1s, cerramos el programa con \u2018La sala de cine\u2019, aunque esta vez sin la compa\u00f1\u00eda de Ana Mart\u00ednez. Apagaremos las luces del estudio para hablar de algunas de las \u00faltimas pel\u00edculas que hemos <a class=\"mh-excerpt-more\" href=\"https:\/\/radioalma.eu\/bruselas\/2025\/06\/23\/nuevos-estrenos-y-anecdotas-en-la-sala-de-cine\/\" title=\"Nuevos estrenos y an\u00e9cdotas en &#8216;La sala de cine&#8217;\">[&#8230;]<\/a><\/p>\n<\/div>","protected":false},"author":51,"featured_media":12945,"comment_status":"open","ping_status":"open","sticky":false,"template":"","format":"standard","meta":{"footnotes":""},"categories":[2700],"tags":[],"class_list":{"0":"post-13962","1":"post","2":"type-post","3":"status-publish","4":"format-standard","5":"has-post-thumbnail","7":"category-cultura"},"_links":{"self":[{"href":"https:\/\/radioalma.eu\/bruselas\/wp-json\/wp\/v2\/posts\/13962","targetHints":{"allow":["GET"]}}],"collection":[{"href":"https:\/\/radioalma.eu\/bruselas\/wp-json\/wp\/v2\/posts"}],"about":[{"href":"https:\/\/radioalma.eu\/bruselas\/wp-json\/wp\/v2\/types\/post"}],"author":[{"embeddable":true,"href":"https:\/\/radioalma.eu\/bruselas\/wp-json\/wp\/v2\/users\/51"}],"replies":[{"embeddable":true,"href":"https:\/\/radioalma.eu\/bruselas\/wp-json\/wp\/v2\/comments?post=13962"}],"version-history":[{"count":4,"href":"https:\/\/radioalma.eu\/bruselas\/wp-json\/wp\/v2\/posts\/13962\/revisions"}],"predecessor-version":[{"id":13990,"href":"https:\/\/radioalma.eu\/bruselas\/wp-json\/wp\/v2\/posts\/13962\/revisions\/13990"}],"wp:featuredmedia":[{"embeddable":true,"href":"https:\/\/radioalma.eu\/bruselas\/wp-json\/wp\/v2\/media\/12945"}],"wp:attachment":[{"href":"https:\/\/radioalma.eu\/bruselas\/wp-json\/wp\/v2\/media?parent=13962"}],"wp:term":[{"taxonomy":"category","embeddable":true,"href":"https:\/\/radioalma.eu\/bruselas\/wp-json\/wp\/v2\/categories?post=13962"},{"taxonomy":"post_tag","embeddable":true,"href":"https:\/\/radioalma.eu\/bruselas\/wp-json\/wp\/v2\/tags?post=13962"}],"curies":[{"name":"wp","href":"https:\/\/api.w.org\/{rel}","templated":true}]}}