{"id":13964,"date":"2025-06-23T11:24:58","date_gmt":"2025-06-23T10:24:58","guid":{"rendered":"https:\/\/radioalma.eu\/bruselas\/?p=13964"},"modified":"2025-06-23T11:25:01","modified_gmt":"2025-06-23T10:25:01","slug":"historias-para-no-dormir-en-es-broma-pero-no-es-mentira","status":"publish","type":"post","link":"https:\/\/radioalma.eu\/bruselas\/2025\/06\/23\/historias-para-no-dormir-en-es-broma-pero-no-es-mentira\/","title":{"rendered":"Historias para no dormir, en \u00abEs broma pero no es mentira\u00bb"},"content":{"rendered":"\n<p data-start=\"121\" data-end=\"575\">Por fin se han vuelto a juntar <strong>nuestros dos c\u00f3micos favoritos<\/strong> en el estudio, y lo han hecho para hablar (con mucho humor) de un problema que les afecta a ambos\u2026 y tambi\u00e9n al resto del equipo de <em data-start=\"268\" data-end=\"284\">Bruselas con \u00d1<\/em>. En<strong> \u2018Es broma pero no es mentira\u2019, Luis Bellis y Lidia Pe\u00f1a<\/strong> se quejan de lo dif\u00edcil que es dormir bien en Bruselas.<\/p>\n<p data-start=\"121\" data-end=\"575\">Entre el calor del verano, los problemas de sonambulismo, la falta de persianas decentes, dormir con gente que ronca&#8230; Uno no puede descansar. Mientras que <strong>Luis nos comparte sus surrealistas historias de son\u00e1mbulo, Lidia relata sus odiseas para poder dormir en las noches calurosas de verano,<\/strong> entre Ja\u00e9n y B\u00e9lgica. Seguro que m\u00e1s de uno se siente identificado\u2026 y no faltan risas en el estudio.<\/p>\n\n\n\n<figure class=\"wp-block-embed is-type-rich is-provider-spotify wp-block-embed-spotify wp-embed-aspect-21-9 wp-has-aspect-ratio\"><div class=\"wp-block-embed__wrapper\">\n<iframe title=\"Spotify Embed: &amp;apos;Es broma pero no es mentira&amp;apos;: historias para no dormir\" style=\"border-radius: 12px\" width=\"100%\" height=\"152\" frameborder=\"0\" allowfullscreen allow=\"autoplay; clipboard-write; encrypted-media; fullscreen; picture-in-picture\" loading=\"lazy\" src=\"https:\/\/open.spotify.com\/embed\/episode\/2deAh9eMhTT8k4Lgk5xdLx?si=d783ba8609b145d7&#038;utm_source=oembed\"><\/iframe>\n<\/div><\/figure>\n","protected":false},"excerpt":{"rendered":"<div class=\"mh-excerpt\"><p>Por fin se han vuelto a juntar nuestros dos c\u00f3micos favoritos en el estudio, y lo han hecho para hablar (con mucho humor) de un problema que les afecta a ambos\u2026 y tambi\u00e9n al resto <a class=\"mh-excerpt-more\" href=\"https:\/\/radioalma.eu\/bruselas\/2025\/06\/23\/historias-para-no-dormir-en-es-broma-pero-no-es-mentira\/\" title=\"Historias para no dormir, en \u00abEs broma pero no es mentira\u00bb\">[&#8230;]<\/a><\/p>\n<\/div>","protected":false},"author":51,"featured_media":13969,"comment_status":"open","ping_status":"open","sticky":false,"template":"","format":"standard","meta":{"footnotes":""},"categories":[2700,2704],"tags":[],"class_list":{"0":"post-13964","1":"post","2":"type-post","3":"status-publish","4":"format-standard","5":"has-post-thumbnail","7":"category-cultura","8":"category-social"},"_links":{"self":[{"href":"https:\/\/radioalma.eu\/bruselas\/wp-json\/wp\/v2\/posts\/13964","targetHints":{"allow":["GET"]}}],"collection":[{"href":"https:\/\/radioalma.eu\/bruselas\/wp-json\/wp\/v2\/posts"}],"about":[{"href":"https:\/\/radioalma.eu\/bruselas\/wp-json\/wp\/v2\/types\/post"}],"author":[{"embeddable":true,"href":"https:\/\/radioalma.eu\/bruselas\/wp-json\/wp\/v2\/users\/51"}],"replies":[{"embeddable":true,"href":"https:\/\/radioalma.eu\/bruselas\/wp-json\/wp\/v2\/comments?post=13964"}],"version-history":[{"count":3,"href":"https:\/\/radioalma.eu\/bruselas\/wp-json\/wp\/v2\/posts\/13964\/revisions"}],"predecessor-version":[{"id":13987,"href":"https:\/\/radioalma.eu\/bruselas\/wp-json\/wp\/v2\/posts\/13964\/revisions\/13987"}],"wp:featuredmedia":[{"embeddable":true,"href":"https:\/\/radioalma.eu\/bruselas\/wp-json\/wp\/v2\/media\/13969"}],"wp:attachment":[{"href":"https:\/\/radioalma.eu\/bruselas\/wp-json\/wp\/v2\/media?parent=13964"}],"wp:term":[{"taxonomy":"category","embeddable":true,"href":"https:\/\/radioalma.eu\/bruselas\/wp-json\/wp\/v2\/categories?post=13964"},{"taxonomy":"post_tag","embeddable":true,"href":"https:\/\/radioalma.eu\/bruselas\/wp-json\/wp\/v2\/tags?post=13964"}],"curies":[{"name":"wp","href":"https:\/\/api.w.org\/{rel}","templated":true}]}}