{"id":13975,"date":"2025-06-23T11:23:59","date_gmt":"2025-06-23T10:23:59","guid":{"rendered":"https:\/\/radioalma.eu\/bruselas\/?p=13975"},"modified":"2025-06-23T11:24:02","modified_gmt":"2025-06-23T10:24:02","slug":"entrevistamos-a-yoly-rojas-cantante-y-compositora","status":"publish","type":"post","link":"https:\/\/radioalma.eu\/bruselas\/2025\/06\/23\/entrevistamos-a-yoly-rojas-cantante-y-compositora\/","title":{"rendered":"Entrevistamos a Yoly Rojas, cantante y compositora"},"content":{"rendered":"\n<p><strong>Yoly Rojas es cantante, compositora, instrumentista, productora\u2026<\/strong> e incluso profesora de m\u00fasica. Nacida en Venezuela, formada en Espa\u00f1a y actualmente afincada en Bruselas, contin\u00faa en la capital belga su trayectoria polifac\u00e9tica que cruza g\u00e9neros y escenarios: <strong>desde la m\u00fasica sinf\u00f3nica y electroac\u00fastica hasta el rock experimental, pasando por la composici\u00f3n para cine y danza.<\/strong><\/p>\n\n\n\n<p>Tuvimos el placer de que nos acompa\u00f1ara en el \u00faltimo programa, donde nos pudo hablar de sus inicios, de c\u00f3mo compagina la creaci\u00f3n con la docencia, y de su proyecto solista <em>BIO-Desechable<\/em>. Adem\u00e1s, nos invit\u00f3 a su pr\u00f3ximo concierto, <strong>el s\u00e1bado 28 de junio a las 19:30 en el centro cultural Metaprosa, <\/strong>con taquilla inversa. Un directo \u00edntimo, con canciones propias y versiones personales, \u00a1que no se pueden perder!<\/p>\n\n\n\n<figure class=\"wp-block-embed is-type-rich is-provider-spotify wp-block-embed-spotify wp-embed-aspect-21-9 wp-has-aspect-ratio\"><div class=\"wp-block-embed__wrapper\">\n<iframe title=\"Spotify Embed: Entrevista: Yoly Rojas (cantante, compositora y docente)\" style=\"border-radius: 12px\" width=\"100%\" height=\"152\" frameborder=\"0\" allowfullscreen allow=\"autoplay; clipboard-write; encrypted-media; fullscreen; picture-in-picture\" loading=\"lazy\" src=\"https:\/\/open.spotify.com\/embed\/episode\/6wgWEZYISrqMuzoIsRHtNe?si=fa7d43c8ad7c42b5&#038;utm_source=oembed\"><\/iframe>\n<\/div><\/figure>\n","protected":false},"excerpt":{"rendered":"<div class=\"mh-excerpt\"><p>Yoly Rojas es cantante, compositora, instrumentista, productora\u2026 e incluso profesora de m\u00fasica. Nacida en Venezuela, formada en Espa\u00f1a y actualmente afincada en Bruselas, contin\u00faa en la capital belga su trayectoria polifac\u00e9tica que cruza g\u00e9neros y <a class=\"mh-excerpt-more\" href=\"https:\/\/radioalma.eu\/bruselas\/2025\/06\/23\/entrevistamos-a-yoly-rojas-cantante-y-compositora\/\" title=\"Entrevistamos a Yoly Rojas, cantante y compositora\">[&#8230;]<\/a><\/p>\n<\/div>","protected":false},"author":51,"featured_media":13977,"comment_status":"open","ping_status":"open","sticky":false,"template":"","format":"standard","meta":{"footnotes":""},"categories":[26,2700,29],"tags":[],"class_list":{"0":"post-13975","1":"post","2":"type-post","3":"status-publish","4":"format-standard","5":"has-post-thumbnail","7":"category-agenda-cultural","8":"category-cultura","9":"category-protagonista-de-la-semana"},"_links":{"self":[{"href":"https:\/\/radioalma.eu\/bruselas\/wp-json\/wp\/v2\/posts\/13975","targetHints":{"allow":["GET"]}}],"collection":[{"href":"https:\/\/radioalma.eu\/bruselas\/wp-json\/wp\/v2\/posts"}],"about":[{"href":"https:\/\/radioalma.eu\/bruselas\/wp-json\/wp\/v2\/types\/post"}],"author":[{"embeddable":true,"href":"https:\/\/radioalma.eu\/bruselas\/wp-json\/wp\/v2\/users\/51"}],"replies":[{"embeddable":true,"href":"https:\/\/radioalma.eu\/bruselas\/wp-json\/wp\/v2\/comments?post=13975"}],"version-history":[{"count":2,"href":"https:\/\/radioalma.eu\/bruselas\/wp-json\/wp\/v2\/posts\/13975\/revisions"}],"predecessor-version":[{"id":13986,"href":"https:\/\/radioalma.eu\/bruselas\/wp-json\/wp\/v2\/posts\/13975\/revisions\/13986"}],"wp:featuredmedia":[{"embeddable":true,"href":"https:\/\/radioalma.eu\/bruselas\/wp-json\/wp\/v2\/media\/13977"}],"wp:attachment":[{"href":"https:\/\/radioalma.eu\/bruselas\/wp-json\/wp\/v2\/media?parent=13975"}],"wp:term":[{"taxonomy":"category","embeddable":true,"href":"https:\/\/radioalma.eu\/bruselas\/wp-json\/wp\/v2\/categories?post=13975"},{"taxonomy":"post_tag","embeddable":true,"href":"https:\/\/radioalma.eu\/bruselas\/wp-json\/wp\/v2\/tags?post=13975"}],"curies":[{"name":"wp","href":"https:\/\/api.w.org\/{rel}","templated":true}]}}