{"id":13989,"date":"2025-06-23T13:11:40","date_gmt":"2025-06-23T12:11:40","guid":{"rendered":"https:\/\/radioalma.eu\/bruselas\/?p=13989"},"modified":"2025-06-25T15:20:14","modified_gmt":"2025-06-25T14:20:14","slug":"silvia-sartorio-el-arte-me-permite-expresar-quien-soy","status":"publish","type":"post","link":"https:\/\/radioalma.eu\/bruselas\/2025\/06\/23\/silvia-sartorio-el-arte-me-permite-expresar-quien-soy\/","title":{"rendered":"S\u00edlvia Sartorio: \u00abEl arte me permite expresar qui\u00e9n soy\u00bb"},"content":{"rendered":"\n<p><b>S\u00edlvia Sartorio <\/b>es capaz de transportarnos a paisajes que van <strong>desde la Barceloneta al Cine Stockel<\/strong> pasando por la casa Batll\u00f3 o las Galer\u00edas reales de Bruselas. Gracias a su <strong>pincel e imaginaci\u00f3n<\/strong> puede lograr que, en lugar de matar dragones, el caballero de la leyenda de Sant Jordi ayude a limpiar el barro de la DANA junto a la princesa.<\/p>\n<p>S\u00edlvia vive en Bruselas desde hace m\u00e1s de diez a\u00f1os y es <strong>ilustradora, actriz y abogada.<\/strong> Originaria de Barcelona, su pasi\u00f3n por la ilustraci\u00f3n y el dibujo comenz\u00f3 cuando era muy joven, gracias al manga japon\u00e9s. Le encanta experimentar con diferentes t\u00e9cnicas, pero su favorita es la acuarela.<\/p>\n<p>Hace unos meses dio el paso de <b>dejar el derecho y dedicarse \u00edntegramente a aquello que le llena y le hace feliz: el arte. <\/b>Actualmente est\u00e1 estudiando un m\u00e1ster en Gesti\u00f3n Cultural y forma parte del colectivo Brolectif con el que ha participado en varias exposiciones.<\/p>\n<p>El pasado s\u00e1bado se sent\u00f3 en nuestros micr\u00f3fonos para contarnos m\u00e1s sobre su arte y sus pr\u00f3ximos proyectos.<\/p>\n\n\n\n<figure class=\"wp-block-embed is-type-rich is-provider-spotify wp-block-embed-spotify wp-embed-aspect-21-9 wp-has-aspect-ratio\"><div class=\"wp-block-embed__wrapper\">\n<iframe title=\"Spotify Embed: Entrevista: S\u00edlvia Sartorio (artista)\" style=\"border-radius: 12px\" width=\"100%\" height=\"152\" frameborder=\"0\" allowfullscreen allow=\"autoplay; clipboard-write; encrypted-media; fullscreen; picture-in-picture\" loading=\"lazy\" src=\"https:\/\/open.spotify.com\/embed\/episode\/5RwQuHnnZrALC3ipr7dbxI?si=qdffpx2rSHCAbdNaTUQ17A&#038;utm_source=oembed\"><\/iframe>\n<\/div><\/figure>\n","protected":false},"excerpt":{"rendered":"<div class=\"mh-excerpt\"><p>S\u00edlvia Sartorio es capaz de transportarnos a paisajes que van desde la Barceloneta al Cine Stockel pasando por la casa Batll\u00f3 o las Galer\u00edas reales de Bruselas. Gracias a su pincel e imaginaci\u00f3n puede lograr <a class=\"mh-excerpt-more\" href=\"https:\/\/radioalma.eu\/bruselas\/2025\/06\/23\/silvia-sartorio-el-arte-me-permite-expresar-quien-soy\/\" title=\"S\u00edlvia Sartorio: \u00abEl arte me permite expresar qui\u00e9n soy\u00bb\">[&#8230;]<\/a><\/p>\n<\/div>","protected":false},"author":51,"featured_media":13993,"comment_status":"open","ping_status":"open","sticky":false,"template":"","format":"standard","meta":{"footnotes":""},"categories":[2700,29],"tags":[],"class_list":{"0":"post-13989","1":"post","2":"type-post","3":"status-publish","4":"format-standard","5":"has-post-thumbnail","7":"category-cultura","8":"category-protagonista-de-la-semana"},"_links":{"self":[{"href":"https:\/\/radioalma.eu\/bruselas\/wp-json\/wp\/v2\/posts\/13989","targetHints":{"allow":["GET"]}}],"collection":[{"href":"https:\/\/radioalma.eu\/bruselas\/wp-json\/wp\/v2\/posts"}],"about":[{"href":"https:\/\/radioalma.eu\/bruselas\/wp-json\/wp\/v2\/types\/post"}],"author":[{"embeddable":true,"href":"https:\/\/radioalma.eu\/bruselas\/wp-json\/wp\/v2\/users\/51"}],"replies":[{"embeddable":true,"href":"https:\/\/radioalma.eu\/bruselas\/wp-json\/wp\/v2\/comments?post=13989"}],"version-history":[{"count":3,"href":"https:\/\/radioalma.eu\/bruselas\/wp-json\/wp\/v2\/posts\/13989\/revisions"}],"predecessor-version":[{"id":14023,"href":"https:\/\/radioalma.eu\/bruselas\/wp-json\/wp\/v2\/posts\/13989\/revisions\/14023"}],"wp:featuredmedia":[{"embeddable":true,"href":"https:\/\/radioalma.eu\/bruselas\/wp-json\/wp\/v2\/media\/13993"}],"wp:attachment":[{"href":"https:\/\/radioalma.eu\/bruselas\/wp-json\/wp\/v2\/media?parent=13989"}],"wp:term":[{"taxonomy":"category","embeddable":true,"href":"https:\/\/radioalma.eu\/bruselas\/wp-json\/wp\/v2\/categories?post=13989"},{"taxonomy":"post_tag","embeddable":true,"href":"https:\/\/radioalma.eu\/bruselas\/wp-json\/wp\/v2\/tags?post=13989"}],"curies":[{"name":"wp","href":"https:\/\/api.w.org\/{rel}","templated":true}]}}