{"id":14024,"date":"2025-06-27T12:47:40","date_gmt":"2025-06-27T11:47:40","guid":{"rendered":"https:\/\/radioalma.eu\/bruselas\/?p=14024"},"modified":"2025-06-30T14:11:34","modified_gmt":"2025-06-30T13:11:34","slug":"historia-de-un-arte-centenario-invitados-y-actualidad-en-el-ultimo-programa-de-junio","status":"publish","type":"post","link":"https:\/\/radioalma.eu\/bruselas\/2025\/06\/27\/historia-de-un-arte-centenario-invitados-y-actualidad-en-el-ultimo-programa-de-junio\/","title":{"rendered":"Historia de un arte centenario, invitados y actualidad en el \u00faltimo programa de junio"},"content":{"rendered":"\n<p><span style=\"font-weight: 400\">Llenamos el \u00faltimo fin de semana de junio con un <strong>programa repleto de actualidad y mucho arte<\/strong>. Como ya es habitual, dimos un repaso a los titulares de la semana que han marcado la actualidad de nuestro pa\u00eds de acogida.\u00a0<\/span><\/p>\n<p><span style=\"font-weight: 400\">Despu\u00e9s, recibimos a <strong>Iago Lombard\u00eda<\/strong> con su <strong>\u2018UE al d\u00eda\u2019<\/strong> donde ahondamos en temas relacionados con la pol\u00edtica europea. En esta secci\u00f3n, Iago puso sobre la mesa cuestiones como el <strong>acuerdo entre la Uni\u00f3n Europea y Reino Unido por Gibraltar,<\/strong> la creaci\u00f3n de un <strong>nuevo partido pol\u00edtico europeo<\/strong> de izquierdas o el aniversario de<strong> 40 a\u00f1os de la entrada de Espa\u00f1a en la UE<\/strong>.<\/span><\/p>\n<p><span style=\"font-weight: 400\">A continiaci\u00f3n, introducimos el tema de d\u00eda, aunque podr\u00eda decirse que es&#8230; el del a\u00f1o. Celebramos tambi\u00e9n en la radio el<strong> 100\u00ba aniversario del Art D\u00e9co<\/strong>, un estilo y movimiento que abarc\u00f3 desde arquitectura a dise\u00f1o pasando por moda o pintura. Para ello, nos asomamos a\u00a0<strong>\u2018La ventana del pasado\u2019<\/strong>, donde Adriana Aparicio nos habl\u00f3 de <strong>estos locos a\u00f1os veinte, de una \u00e9poca marcada por el jazz, el dise\u00f1o y grandes avances tecnol\u00f3gicos e industriales<\/strong>. \u00a1Una mirada al pasado con pinceladas de presente y de futuro!<\/span><\/p>\n\n\n\n<figure class=\"wp-block-embed is-type-rich is-provider-spotify wp-block-embed-spotify wp-embed-aspect-21-9 wp-has-aspect-ratio\"><div class=\"wp-block-embed__wrapper\">\n<iframe title=\"Spotify Embed: Bruselas con \u00d1 (28\/06\/25) - Parte I\" style=\"border-radius: 12px\" width=\"100%\" height=\"152\" frameborder=\"0\" allowfullscreen allow=\"autoplay; clipboard-write; encrypted-media; fullscreen; picture-in-picture\" loading=\"lazy\" src=\"https:\/\/open.spotify.com\/embed\/episode\/6MCZ8SJAZHytgabxKTEu8O?si=608446f6ea264941&#038;utm_source=oembed\"><\/iframe>\n<\/div><\/figure>\n\n\n\n<p><span style=\"font-weight: 400\">En la segunda parte, cerramos la tem\u00e1tica del Art D\u00e9co saliendo del estudio, para encontrarnos con<strong> Laia Boloix<\/strong>. En su <strong>\u2018Promenades de LB\u2019<\/strong> Laia nos propuso visitar uno de los edificios que albergan detalles de este arte<strong>: el edificio del ayuntamiento<\/strong> de Forest que no solo es funcional, si no tambi\u00e9n <strong>una joya muy bien conservada de este estilo<\/strong> lineal, dorado y tan est\u00e9tico.<\/span><\/p>\n<p><span style=\"font-weight: 400\">Dejamos el arte y la arquitectura para entrar en otro \u00e1mbito cultural: el de la literatura. Tambi\u00e9n estuvo con nosotros un escritor que acaba de publicar su \u00f3<\/span><span style=\"font-weight: 400\">pera prima: <em><strong>\u2018C\u00e1ncer de alma\u2019<\/strong><\/em>. \u00c9l es <strong>Alberto Lozano<\/strong> <strong>Luque<\/strong> y en este libro trata temas como las <strong>secuelas del trauma, la terapia y las conductas cognitivas\u2026 \u00bfPor qu\u00e9 una persona quiere volver a un zulo donde estuvo encerrado?<\/strong> Todo un thriller lleno de emociones.\u00a0<\/span><\/p>\n<p><span style=\"font-weight: 400\">Terminamos, como siempre, con <\/span><b>\u2018La sala de cine\u2019<\/b><span style=\"font-weight: 400\">, aunque esta vez sin la compa\u00f1\u00eda de <\/span><b>Ana Mart\u00ednez<\/b><span style=\"font-weight: 400\">. Apagamos las luces del estudio una vez m\u00e1s, para hablar de algunas de las <\/span><b>pel\u00edculas que vimos durante la semana <\/b><span style=\"font-weight: 400\">y descubrimos los nuevos<\/span><b> t\u00edtulos que llenan las carteleras<\/b><span style=\"font-weight: 400\">. \u00a1Grandes recomendaciones!<\/span><\/p>\n\n\n\n<figure class=\"wp-block-embed is-type-rich is-provider-spotify wp-block-embed-spotify wp-embed-aspect-21-9 wp-has-aspect-ratio\"><div class=\"wp-block-embed__wrapper\">\n<iframe title=\"Spotify Embed: Bruselas con \u00d1 (28\/06\/25) - Parte II\" style=\"border-radius: 12px\" width=\"100%\" height=\"152\" frameborder=\"0\" allowfullscreen allow=\"autoplay; clipboard-write; encrypted-media; fullscreen; picture-in-picture\" loading=\"lazy\" src=\"https:\/\/open.spotify.com\/embed\/episode\/1wOlhzdTbObSoYexwiZDZc?si=b6174420bea9413c&#038;utm_source=oembed\"><\/iframe>\n<\/div><\/figure>\n","protected":false},"excerpt":{"rendered":"<div class=\"mh-excerpt\"><p>Llenamos el \u00faltimo fin de semana de junio con un programa repleto de actualidad y mucho arte. Como ya es habitual, dimos un repaso a los titulares de la semana que han marcado la actualidad <a class=\"mh-excerpt-more\" href=\"https:\/\/radioalma.eu\/bruselas\/2025\/06\/27\/historia-de-un-arte-centenario-invitados-y-actualidad-en-el-ultimo-programa-de-junio\/\" title=\"Historia de un arte centenario, invitados y actualidad en el \u00faltimo programa de junio\">[&#8230;]<\/a><\/p>\n<\/div>","protected":false},"author":51,"featured_media":14026,"comment_status":"open","ping_status":"open","sticky":false,"template":"","format":"standard","meta":{"footnotes":""},"categories":[26,2697,2699,29,2704],"tags":[],"class_list":{"0":"post-14024","1":"post","2":"type-post","3":"status-publish","4":"format-standard","5":"has-post-thumbnail","7":"category-agenda-cultural","8":"category-europa","9":"category-politica","10":"category-protagonista-de-la-semana","11":"category-social"},"_links":{"self":[{"href":"https:\/\/radioalma.eu\/bruselas\/wp-json\/wp\/v2\/posts\/14024","targetHints":{"allow":["GET"]}}],"collection":[{"href":"https:\/\/radioalma.eu\/bruselas\/wp-json\/wp\/v2\/posts"}],"about":[{"href":"https:\/\/radioalma.eu\/bruselas\/wp-json\/wp\/v2\/types\/post"}],"author":[{"embeddable":true,"href":"https:\/\/radioalma.eu\/bruselas\/wp-json\/wp\/v2\/users\/51"}],"replies":[{"embeddable":true,"href":"https:\/\/radioalma.eu\/bruselas\/wp-json\/wp\/v2\/comments?post=14024"}],"version-history":[{"count":5,"href":"https:\/\/radioalma.eu\/bruselas\/wp-json\/wp\/v2\/posts\/14024\/revisions"}],"predecessor-version":[{"id":14052,"href":"https:\/\/radioalma.eu\/bruselas\/wp-json\/wp\/v2\/posts\/14024\/revisions\/14052"}],"wp:featuredmedia":[{"embeddable":true,"href":"https:\/\/radioalma.eu\/bruselas\/wp-json\/wp\/v2\/media\/14026"}],"wp:attachment":[{"href":"https:\/\/radioalma.eu\/bruselas\/wp-json\/wp\/v2\/media?parent=14024"}],"wp:term":[{"taxonomy":"category","embeddable":true,"href":"https:\/\/radioalma.eu\/bruselas\/wp-json\/wp\/v2\/categories?post=14024"},{"taxonomy":"post_tag","embeddable":true,"href":"https:\/\/radioalma.eu\/bruselas\/wp-json\/wp\/v2\/tags?post=14024"}],"curies":[{"name":"wp","href":"https:\/\/api.w.org\/{rel}","templated":true}]}}