{"id":14029,"date":"2025-06-30T14:13:08","date_gmt":"2025-06-30T13:13:08","guid":{"rendered":"https:\/\/radioalma.eu\/bruselas\/?p=14029"},"modified":"2025-06-30T14:19:41","modified_gmt":"2025-06-30T13:19:41","slug":"la-maison-communale-de-forest-en-las-promenades-de-lb","status":"publish","type":"post","link":"https:\/\/radioalma.eu\/bruselas\/2025\/06\/30\/la-maison-communale-de-forest-en-las-promenades-de-lb\/","title":{"rendered":"La Maison Communale de Forest, en las &#8216;Promenades de LB&#8217;"},"content":{"rendered":"\n<p data-start=\"0\" data-end=\"610\">El <strong>Art D\u00e9co<\/strong> es omnipresente en la arquitectura urbana de Bruselas. En esta edici\u00f3n de <strong><em data-start=\"123\" data-end=\"143\">\u201cPromenades de LB\u201d<\/em>, Laia Boloix<\/strong> nos lleva a descubrir <strong>la Maison Communale de Forest,<\/strong> una obra maestra del arquitecto Jean-Baptiste Dewin. Este ayuntamiento, obra caracter\u00edstica de la est\u00e9tica del movimiento con sus l\u00edneas geom\u00e9tricas y detalles dorados, ha sido recientemente restaurado y reabre sus puertas al p\u00fablico.<\/p>\n<p data-start=\"612\" data-end=\"1133\" data-is-last-node=\"\" data-is-only-node=\"\">En el programa, <strong>Laia nos cuenta toda la historia de este edificio, desde sus or\u00edgenes<\/strong> e importancia en el contexto de la modernizaci\u00f3n urbana del siglo XX, <strong>hasta el largo e imprevisible proceso de restauraci\u00f3n.<\/strong> Un proyecto exigente que propone conservar las buhardillas y las cristaleras originales, adaptando la funcionalidad del edificio a las necesidades de un ayuntamiento contempor\u00e1neo.<\/p>\n","protected":false},"excerpt":{"rendered":"<div class=\"mh-excerpt\"><p>El Art D\u00e9co es omnipresente en la arquitectura urbana de Bruselas. En esta edici\u00f3n de \u201cPromenades de LB\u201d, Laia Boloix nos lleva a descubrir la Maison Communale de Forest, una obra maestra del arquitecto Jean-Baptiste <a class=\"mh-excerpt-more\" href=\"https:\/\/radioalma.eu\/bruselas\/2025\/06\/30\/la-maison-communale-de-forest-en-las-promenades-de-lb\/\" title=\"La Maison Communale de Forest, en las &#8216;Promenades de LB&#8217;\">[&#8230;]<\/a><\/p>\n<\/div>","protected":false},"author":51,"featured_media":14036,"comment_status":"open","ping_status":"open","sticky":false,"template":"","format":"standard","meta":{"footnotes":""},"categories":[2700],"tags":[],"class_list":{"0":"post-14029","1":"post","2":"type-post","3":"status-publish","4":"format-standard","5":"has-post-thumbnail","7":"category-cultura"},"_links":{"self":[{"href":"https:\/\/radioalma.eu\/bruselas\/wp-json\/wp\/v2\/posts\/14029","targetHints":{"allow":["GET"]}}],"collection":[{"href":"https:\/\/radioalma.eu\/bruselas\/wp-json\/wp\/v2\/posts"}],"about":[{"href":"https:\/\/radioalma.eu\/bruselas\/wp-json\/wp\/v2\/types\/post"}],"author":[{"embeddable":true,"href":"https:\/\/radioalma.eu\/bruselas\/wp-json\/wp\/v2\/users\/51"}],"replies":[{"embeddable":true,"href":"https:\/\/radioalma.eu\/bruselas\/wp-json\/wp\/v2\/comments?post=14029"}],"version-history":[{"count":3,"href":"https:\/\/radioalma.eu\/bruselas\/wp-json\/wp\/v2\/posts\/14029\/revisions"}],"predecessor-version":[{"id":14056,"href":"https:\/\/radioalma.eu\/bruselas\/wp-json\/wp\/v2\/posts\/14029\/revisions\/14056"}],"wp:featuredmedia":[{"embeddable":true,"href":"https:\/\/radioalma.eu\/bruselas\/wp-json\/wp\/v2\/media\/14036"}],"wp:attachment":[{"href":"https:\/\/radioalma.eu\/bruselas\/wp-json\/wp\/v2\/media?parent=14029"}],"wp:term":[{"taxonomy":"category","embeddable":true,"href":"https:\/\/radioalma.eu\/bruselas\/wp-json\/wp\/v2\/categories?post=14029"},{"taxonomy":"post_tag","embeddable":true,"href":"https:\/\/radioalma.eu\/bruselas\/wp-json\/wp\/v2\/tags?post=14029"}],"curies":[{"name":"wp","href":"https:\/\/api.w.org\/{rel}","templated":true}]}}