{"id":14032,"date":"2025-06-30T16:30:54","date_gmt":"2025-06-30T15:30:54","guid":{"rendered":"https:\/\/radioalma.eu\/bruselas\/?p=14032"},"modified":"2025-06-30T16:30:57","modified_gmt":"2025-06-30T15:30:57","slug":"la-ue-al-dia-acuerdos-de-gibraltar-espana-en-la-ue-y-la-llegada-de-nuevos-partidos","status":"publish","type":"post","link":"https:\/\/radioalma.eu\/bruselas\/2025\/06\/30\/la-ue-al-dia-acuerdos-de-gibraltar-espana-en-la-ue-y-la-llegada-de-nuevos-partidos\/","title":{"rendered":"&#8216;La UE al d\u00eda&#8217;: Acuerdos de Gibraltar, Espa\u00f1a en la UE y la llegada de nuevos partidos"},"content":{"rendered":"\n\n\n<p>Vuelve la secci\u00f3n <strong>\u201cLa UE al d\u00eda\u201d<\/strong> donde Iago Lombard\u00eda nos sumerge en la actualidad de la pol\u00edtica europea, tratando algunos de los temas m\u00e1s relevantes que marcan el rumbo de muchos pa\u00edses europeos.<\/p>\n<p>Iago nos habla del <strong>surgimiento de un nuevo partido pol\u00edtico europeo de car\u00e1cter de izquierdas<\/strong>, donde entra tambi\u00e9n el grupo de <em>Podemos<\/em>. La secci\u00f3n tambi\u00e9n conmemora un <strong>aniversario clave: los 40 a\u00f1os de la entrada de Espa\u00f1a (y Portugal) en la Uni\u00f3n Europea<\/strong>, un hecho que no solo transform\u00f3 la econom\u00eda y la pol\u00edtica del pa\u00eds, sino que tambi\u00e9n marc\u00f3 su consolidaci\u00f3n democr\u00e1tica.<\/p>\n<p>Y esta semana, uno de los focos principales es el <strong>acuerdo alcanzado en relaci\u00f3n a Gibraltar, una problem\u00e1tica que afecta a Espa\u00f1a y Reino Unido<\/strong> y que ha estado en el aire desde el Brexit. Un hecho que motive a mayores y mejores acuerdos entre la Uni\u00f3n Europea y el pa\u00eds brit\u00e1nico.&nbsp;<\/p>\n\n\n\n<figure class=\"wp-block-embed is-type-rich is-provider-spotify wp-block-embed-spotify wp-embed-aspect-21-9 wp-has-aspect-ratio\"><div class=\"wp-block-embed__wrapper\">\n<iframe title=\"Spotify Embed: &amp;apos;La UE al d\u00eda&amp;apos;: Gibraltar, Espa\u00f1a en la UE y nuevos partidos\" style=\"border-radius: 12px\" width=\"100%\" height=\"152\" frameborder=\"0\" allowfullscreen allow=\"autoplay; clipboard-write; encrypted-media; fullscreen; picture-in-picture\" loading=\"lazy\" src=\"https:\/\/open.spotify.com\/embed\/episode\/6mFJxoTdOns5qVcqTqXUsu?si=zo09g5jhT6CpxUBDoW7w0g&#038;utm_source=oembed\"><\/iframe>\n<\/div><\/figure>\n\n\n","protected":false},"excerpt":{"rendered":"<div class=\"mh-excerpt\"><p>Vuelve la secci\u00f3n \u201cLa UE al d\u00eda\u201d donde Iago Lombard\u00eda nos sumerge en la actualidad de la pol\u00edtica europea, tratando algunos de los temas m\u00e1s relevantes que marcan el rumbo de muchos pa\u00edses europeos. Iago <a class=\"mh-excerpt-more\" href=\"https:\/\/radioalma.eu\/bruselas\/2025\/06\/30\/la-ue-al-dia-acuerdos-de-gibraltar-espana-en-la-ue-y-la-llegada-de-nuevos-partidos\/\" title=\"&#8216;La UE al d\u00eda&#8217;: Acuerdos de Gibraltar, Espa\u00f1a en la UE y la llegada de nuevos partidos\">[&#8230;]<\/a><\/p>\n<\/div>","protected":false},"author":51,"featured_media":14043,"comment_status":"open","ping_status":"open","sticky":false,"template":"","format":"standard","meta":{"footnotes":""},"categories":[2697,2699],"tags":[],"class_list":{"0":"post-14032","1":"post","2":"type-post","3":"status-publish","4":"format-standard","5":"has-post-thumbnail","7":"category-europa","8":"category-politica"},"_links":{"self":[{"href":"https:\/\/radioalma.eu\/bruselas\/wp-json\/wp\/v2\/posts\/14032","targetHints":{"allow":["GET"]}}],"collection":[{"href":"https:\/\/radioalma.eu\/bruselas\/wp-json\/wp\/v2\/posts"}],"about":[{"href":"https:\/\/radioalma.eu\/bruselas\/wp-json\/wp\/v2\/types\/post"}],"author":[{"embeddable":true,"href":"https:\/\/radioalma.eu\/bruselas\/wp-json\/wp\/v2\/users\/51"}],"replies":[{"embeddable":true,"href":"https:\/\/radioalma.eu\/bruselas\/wp-json\/wp\/v2\/comments?post=14032"}],"version-history":[{"count":4,"href":"https:\/\/radioalma.eu\/bruselas\/wp-json\/wp\/v2\/posts\/14032\/revisions"}],"predecessor-version":[{"id":14063,"href":"https:\/\/radioalma.eu\/bruselas\/wp-json\/wp\/v2\/posts\/14032\/revisions\/14063"}],"wp:featuredmedia":[{"embeddable":true,"href":"https:\/\/radioalma.eu\/bruselas\/wp-json\/wp\/v2\/media\/14043"}],"wp:attachment":[{"href":"https:\/\/radioalma.eu\/bruselas\/wp-json\/wp\/v2\/media?parent=14032"}],"wp:term":[{"taxonomy":"category","embeddable":true,"href":"https:\/\/radioalma.eu\/bruselas\/wp-json\/wp\/v2\/categories?post=14032"},{"taxonomy":"post_tag","embeddable":true,"href":"https:\/\/radioalma.eu\/bruselas\/wp-json\/wp\/v2\/tags?post=14032"}],"curies":[{"name":"wp","href":"https:\/\/api.w.org\/{rel}","templated":true}]}}