{"id":14033,"date":"2025-06-30T16:33:48","date_gmt":"2025-06-30T15:33:48","guid":{"rendered":"https:\/\/radioalma.eu\/bruselas\/?p=14033"},"modified":"2025-06-30T16:33:51","modified_gmt":"2025-06-30T15:33:51","slug":"un-viaje-a-los-anos-veinte-con-diseno-revolucion-y-mucho-art-deco-en-la-ventana-del-pasado","status":"publish","type":"post","link":"https:\/\/radioalma.eu\/bruselas\/2025\/06\/30\/un-viaje-a-los-anos-veinte-con-diseno-revolucion-y-mucho-art-deco-en-la-ventana-del-pasado\/","title":{"rendered":"Un viaje a los a\u00f1os veinte con dise\u00f1o, revoluci\u00f3n y mucho Art D\u00e9co en &#8216;La ventana del pasado&#8217;"},"content":{"rendered":"\n<p>Con motivo de que este a\u00f1o 2025 se celebra <strong>el centenario del Art D\u00e9co<\/strong>, no pod\u00edamos pasarlo por alto y recordar este arte que fue toda una revoluci\u00f3n mundial en muchos \u00e1mbitos. <strong>Desde arquitectura a moda, pasando por interiorismo, cine o dise\u00f1o gr\u00e1fico<\/strong>, el Art D\u00e9co marc\u00f3 un antes y un despu\u00e9s en una sociedad en per\u00edodo de entreguerras que necesitaba evadirse.<\/p>\n<p><strong>Adriana Aparicio<\/strong> nos acompa\u00f1a una vez m\u00e1s para traernos la historia de este movimiento que tambi\u00e9n tuvo mucha relevancia en B\u00e9lgica. En<strong> &#8216;La ventana del pasado&#8217; viajamos a los a\u00f1os 20 y nos asomamos a los detalles y entresijos de algunas de las artes m\u00e1s destacadas de este estilo.<\/strong> Adriana nos pone en contexto con datos hist\u00f3ricos y caracter\u00edsticas que definen toda una etapa, pero tambi\u00e9n aprovecha para traernos<strong> grandes recomendaciones de exposiciones o visitas<\/strong> que merecen mucho la pena para todo aquel que est\u00e9 en la capital. <em>El museo BELvue, Halle Saint-Gery, la casa Van Buuren<\/em>&#8230; son algunos de los que mencionamos en esta nueva entrega. <strong>\u00a1Nos asomamos al pasado pero lo traemos al presente!<\/strong><\/p>\n\n\n\n<figure class=\"wp-block-embed is-type-rich is-provider-spotify wp-block-embed-spotify wp-embed-aspect-21-9 wp-has-aspect-ratio\"><div class=\"wp-block-embed__wrapper\">\n<iframe title=\"Spotify Embed: &amp;apos;La ventana del pasado&amp;apos;: el Art D\u00e9co\" style=\"border-radius: 12px\" width=\"100%\" height=\"152\" frameborder=\"0\" allowfullscreen allow=\"autoplay; clipboard-write; encrypted-media; fullscreen; picture-in-picture\" loading=\"lazy\" src=\"https:\/\/open.spotify.com\/embed\/episode\/2YyI0cu6v19yz8ZQd7lx9x?si=C5zxgkMDQ8iZOovAmNe7FA&#038;utm_source=oembed\"><\/iframe>\n<\/div><\/figure>\n","protected":false},"excerpt":{"rendered":"<div class=\"mh-excerpt\"><p>Con motivo de que este a\u00f1o 2025 se celebra el centenario del Art D\u00e9co, no pod\u00edamos pasarlo por alto y recordar este arte que fue toda una revoluci\u00f3n mundial en muchos \u00e1mbitos. Desde arquitectura a <a class=\"mh-excerpt-more\" href=\"https:\/\/radioalma.eu\/bruselas\/2025\/06\/30\/un-viaje-a-los-anos-veinte-con-diseno-revolucion-y-mucho-art-deco-en-la-ventana-del-pasado\/\" title=\"Un viaje a los a\u00f1os veinte con dise\u00f1o, revoluci\u00f3n y mucho Art D\u00e9co en &#8216;La ventana del pasado&#8217;\">[&#8230;]<\/a><\/p>\n<\/div>","protected":false},"author":51,"featured_media":14038,"comment_status":"open","ping_status":"open","sticky":false,"template":"","format":"standard","meta":{"footnotes":""},"categories":[26,2700],"tags":[],"class_list":{"0":"post-14033","1":"post","2":"type-post","3":"status-publish","4":"format-standard","5":"has-post-thumbnail","7":"category-agenda-cultural","8":"category-cultura"},"_links":{"self":[{"href":"https:\/\/radioalma.eu\/bruselas\/wp-json\/wp\/v2\/posts\/14033","targetHints":{"allow":["GET"]}}],"collection":[{"href":"https:\/\/radioalma.eu\/bruselas\/wp-json\/wp\/v2\/posts"}],"about":[{"href":"https:\/\/radioalma.eu\/bruselas\/wp-json\/wp\/v2\/types\/post"}],"author":[{"embeddable":true,"href":"https:\/\/radioalma.eu\/bruselas\/wp-json\/wp\/v2\/users\/51"}],"replies":[{"embeddable":true,"href":"https:\/\/radioalma.eu\/bruselas\/wp-json\/wp\/v2\/comments?post=14033"}],"version-history":[{"count":6,"href":"https:\/\/radioalma.eu\/bruselas\/wp-json\/wp\/v2\/posts\/14033\/revisions"}],"predecessor-version":[{"id":14064,"href":"https:\/\/radioalma.eu\/bruselas\/wp-json\/wp\/v2\/posts\/14033\/revisions\/14064"}],"wp:featuredmedia":[{"embeddable":true,"href":"https:\/\/radioalma.eu\/bruselas\/wp-json\/wp\/v2\/media\/14038"}],"wp:attachment":[{"href":"https:\/\/radioalma.eu\/bruselas\/wp-json\/wp\/v2\/media?parent=14033"}],"wp:term":[{"taxonomy":"category","embeddable":true,"href":"https:\/\/radioalma.eu\/bruselas\/wp-json\/wp\/v2\/categories?post=14033"},{"taxonomy":"post_tag","embeddable":true,"href":"https:\/\/radioalma.eu\/bruselas\/wp-json\/wp\/v2\/tags?post=14033"}],"curies":[{"name":"wp","href":"https:\/\/api.w.org\/{rel}","templated":true}]}}