{"id":14046,"date":"2025-06-30T14:30:37","date_gmt":"2025-06-30T13:30:37","guid":{"rendered":"https:\/\/radioalma.eu\/bruselas\/?p=14046"},"modified":"2025-06-30T14:46:47","modified_gmt":"2025-06-30T13:46:47","slug":"estrenos-de-cine-y-recomendaciones-de-la-semana","status":"publish","type":"post","link":"https:\/\/radioalma.eu\/bruselas\/2025\/06\/30\/estrenos-de-cine-y-recomendaciones-de-la-semana\/","title":{"rendered":"Estrenos de cine y recomendaciones de la semana"},"content":{"rendered":"\n<p data-start=\"0\" data-end=\"315\">Como siempre, esta semana no pod\u00eda faltar nuestra <strong>\u2018Sala de cine\u2019,<\/strong> aunque esta vez sin la compa\u00f1\u00eda de nuestra colaboradora Ana Mart\u00ednez. Apagamos las luces del estudio una vez m\u00e1s para hablar de algunas de las pel\u00edculas que hemos visto durante la semana y explorar los nuevos t\u00edtulos que llenar\u00e1n las carteleras.<\/p>\n<p data-start=\"317\" data-end=\"538\" data-is-last-node=\"\" data-is-only-node=\"\">Repasamos t\u00edtulos muy variados, desde la esperada pel\u00edcula de <strong><em>F\u00f3rmula 1<\/em>,<\/strong> hasta propuestas m\u00e1s familiares como<strong> <em data-start=\"421\" data-end=\"434\">Los Pitufos<\/em>,<\/strong> adem\u00e1s de cintas recientes como <strong><em data-start=\"470\" data-end=\"489\">Sentimental Value<\/em>.<\/strong> \u00a1Recomendaciones para todos los gustos!<\/p>\n\n\n\n\n\n<figure class=\"wp-block-embed is-type-rich is-provider-spotify wp-block-embed-spotify wp-embed-aspect-21-9 wp-has-aspect-ratio\"><div class=\"wp-block-embed__wrapper\">\n<iframe title=\"Spotify Embed: &amp;apos;La sala de cine&amp;apos;: estrenos y recomendaciones\" style=\"border-radius: 12px\" width=\"100%\" height=\"152\" frameborder=\"0\" allowfullscreen allow=\"autoplay; clipboard-write; encrypted-media; fullscreen; picture-in-picture\" loading=\"lazy\" src=\"https:\/\/open.spotify.com\/embed\/episode\/3sQ92QlwppJstce43IsyGe?si=-woaEEImSVKvxqGoGM35BA&#038;utm_source=oembed\"><\/iframe>\n<\/div><\/figure>\n","protected":false},"excerpt":{"rendered":"<div class=\"mh-excerpt\"><p>Como siempre, esta semana no pod\u00eda faltar nuestra \u2018Sala de cine\u2019, aunque esta vez sin la compa\u00f1\u00eda de nuestra colaboradora Ana Mart\u00ednez. Apagamos las luces del estudio una vez m\u00e1s para hablar de algunas de <a class=\"mh-excerpt-more\" href=\"https:\/\/radioalma.eu\/bruselas\/2025\/06\/30\/estrenos-de-cine-y-recomendaciones-de-la-semana\/\" title=\"Estrenos de cine y recomendaciones de la semana\">[&#8230;]<\/a><\/p>\n<\/div>","protected":false},"author":51,"featured_media":12945,"comment_status":"open","ping_status":"open","sticky":false,"template":"","format":"standard","meta":{"footnotes":""},"categories":[2700],"tags":[],"class_list":{"0":"post-14046","1":"post","2":"type-post","3":"status-publish","4":"format-standard","5":"has-post-thumbnail","7":"category-cultura"},"_links":{"self":[{"href":"https:\/\/radioalma.eu\/bruselas\/wp-json\/wp\/v2\/posts\/14046","targetHints":{"allow":["GET"]}}],"collection":[{"href":"https:\/\/radioalma.eu\/bruselas\/wp-json\/wp\/v2\/posts"}],"about":[{"href":"https:\/\/radioalma.eu\/bruselas\/wp-json\/wp\/v2\/types\/post"}],"author":[{"embeddable":true,"href":"https:\/\/radioalma.eu\/bruselas\/wp-json\/wp\/v2\/users\/51"}],"replies":[{"embeddable":true,"href":"https:\/\/radioalma.eu\/bruselas\/wp-json\/wp\/v2\/comments?post=14046"}],"version-history":[{"count":3,"href":"https:\/\/radioalma.eu\/bruselas\/wp-json\/wp\/v2\/posts\/14046\/revisions"}],"predecessor-version":[{"id":14059,"href":"https:\/\/radioalma.eu\/bruselas\/wp-json\/wp\/v2\/posts\/14046\/revisions\/14059"}],"wp:featuredmedia":[{"embeddable":true,"href":"https:\/\/radioalma.eu\/bruselas\/wp-json\/wp\/v2\/media\/12945"}],"wp:attachment":[{"href":"https:\/\/radioalma.eu\/bruselas\/wp-json\/wp\/v2\/media?parent=14046"}],"wp:term":[{"taxonomy":"category","embeddable":true,"href":"https:\/\/radioalma.eu\/bruselas\/wp-json\/wp\/v2\/categories?post=14046"},{"taxonomy":"post_tag","embeddable":true,"href":"https:\/\/radioalma.eu\/bruselas\/wp-json\/wp\/v2\/tags?post=14046"}],"curies":[{"name":"wp","href":"https:\/\/api.w.org\/{rel}","templated":true}]}}