{"id":14209,"date":"2025-09-15T11:57:42","date_gmt":"2025-09-15T10:57:42","guid":{"rendered":"https:\/\/radioalma.eu\/bruselas\/?p=14209"},"modified":"2025-09-15T12:43:30","modified_gmt":"2025-09-15T11:43:30","slug":"repasamos-nuestro-verano-cinefilo-en-la-sala-de-cine","status":"publish","type":"post","link":"https:\/\/radioalma.eu\/bruselas\/2025\/09\/15\/repasamos-nuestro-verano-cinefilo-en-la-sala-de-cine\/","title":{"rendered":"Repasamos nuestro verano cin\u00e9filo en &#8216;La sala de cine&#8217;"},"content":{"rendered":"\n<p>Regresa el cine a Bruselas con \u00d1. <strong>Ana Mart\u00ednez<\/strong> <span style=\"font-weight: 400\">hace su primera aparici\u00f3n de la temporada con las <strong>pel\u00edculas<\/strong> que han marcado su verano. Junto a ella, recomendamos y analizamos algunos de los largometrajes que hemos disfrutado recientemente.<\/span><\/p>\n<p>En esta nueva entrega habr\u00e1 <strong>terror, aventura, comedia e historia<\/strong>.<\/p>\n\n\n\n<figure class=\"wp-block-embed is-type-rich is-provider-spotify wp-block-embed-spotify wp-embed-aspect-21-9 wp-has-aspect-ratio\"><div class=\"wp-block-embed__wrapper\">\n<iframe title=\"Spotify Embed: La sala de cine: repaso a nuestro verano cin\u00e9filo\" style=\"border-radius: 12px\" width=\"100%\" height=\"152\" frameborder=\"0\" allowfullscreen allow=\"autoplay; clipboard-write; encrypted-media; fullscreen; picture-in-picture\" loading=\"lazy\" src=\"https:\/\/open.spotify.com\/embed\/episode\/6FSDnHBMmxqyib03twEhFd?utm_source=oembed\"><\/iframe>\n<\/div><\/figure>\n\n\n","protected":false},"excerpt":{"rendered":"<div class=\"mh-excerpt\"><p>Regresa el cine a Bruselas con \u00d1. Ana Mart\u00ednez hace su primera aparici\u00f3n de la temporada con las pel\u00edculas que han marcado su verano. Junto a ella, recomendamos y analizamos algunos de los largometrajes que <a class=\"mh-excerpt-more\" href=\"https:\/\/radioalma.eu\/bruselas\/2025\/09\/15\/repasamos-nuestro-verano-cinefilo-en-la-sala-de-cine\/\" title=\"Repasamos nuestro verano cin\u00e9filo en &#8216;La sala de cine&#8217;\">[&#8230;]<\/a><\/p>\n<\/div>","protected":false},"author":51,"featured_media":14212,"comment_status":"open","ping_status":"open","sticky":false,"template":"","format":"standard","meta":{"footnotes":""},"categories":[26,2700],"tags":[67,40,1745],"class_list":{"0":"post-14209","1":"post","2":"type-post","3":"status-publish","4":"format-standard","5":"has-post-thumbnail","7":"category-agenda-cultural","8":"category-cultura","9":"tag-bruselas-2","10":"tag-cine","11":"tag-cultura"},"_links":{"self":[{"href":"https:\/\/radioalma.eu\/bruselas\/wp-json\/wp\/v2\/posts\/14209","targetHints":{"allow":["GET"]}}],"collection":[{"href":"https:\/\/radioalma.eu\/bruselas\/wp-json\/wp\/v2\/posts"}],"about":[{"href":"https:\/\/radioalma.eu\/bruselas\/wp-json\/wp\/v2\/types\/post"}],"author":[{"embeddable":true,"href":"https:\/\/radioalma.eu\/bruselas\/wp-json\/wp\/v2\/users\/51"}],"replies":[{"embeddable":true,"href":"https:\/\/radioalma.eu\/bruselas\/wp-json\/wp\/v2\/comments?post=14209"}],"version-history":[{"count":4,"href":"https:\/\/radioalma.eu\/bruselas\/wp-json\/wp\/v2\/posts\/14209\/revisions"}],"predecessor-version":[{"id":14227,"href":"https:\/\/radioalma.eu\/bruselas\/wp-json\/wp\/v2\/posts\/14209\/revisions\/14227"}],"wp:featuredmedia":[{"embeddable":true,"href":"https:\/\/radioalma.eu\/bruselas\/wp-json\/wp\/v2\/media\/14212"}],"wp:attachment":[{"href":"https:\/\/radioalma.eu\/bruselas\/wp-json\/wp\/v2\/media?parent=14209"}],"wp:term":[{"taxonomy":"category","embeddable":true,"href":"https:\/\/radioalma.eu\/bruselas\/wp-json\/wp\/v2\/categories?post=14209"},{"taxonomy":"post_tag","embeddable":true,"href":"https:\/\/radioalma.eu\/bruselas\/wp-json\/wp\/v2\/tags?post=14209"}],"curies":[{"name":"wp","href":"https:\/\/api.w.org\/{rel}","templated":true}]}}