{"id":14259,"date":"2025-09-19T14:21:42","date_gmt":"2025-09-19T13:21:42","guid":{"rendered":"https:\/\/radioalma.eu\/bruselas\/?p=14259"},"modified":"2025-09-22T11:14:44","modified_gmt":"2025-09-22T10:14:44","slug":"arte-feminismo-y-ciencia-se-hacen-hueco-en-una-bruselas-repleta-de-eventos","status":"publish","type":"post","link":"https:\/\/radioalma.eu\/bruselas\/2025\/09\/19\/arte-feminismo-y-ciencia-se-hacen-hueco-en-una-bruselas-repleta-de-eventos\/","title":{"rendered":"Arte, feminismo y ciencia se hacen hueco en una Bruselas repleta de eventos"},"content":{"rendered":"\n<p><span style=\"font-weight: 400\">Seguimos con mucha cultura en este nuevo episodio de <strong>Bruselas con \u00d1<\/strong>. \u00c9sta no se entender\u00e1 en esta ocasi\u00f3n sin la huella hist\u00f3rica de la mujer en las calles y en algunas de las construcciones de la capital belga. Adem\u00e1s, tambi\u00e9n contamos con algunas de las secciones habituales del programa y recibimos a una invitada muy especial en una de ellas.<\/span><\/p>\n<p><span style=\"font-weight: 400\">Como es habitual, dimos comienzo a esta nueva entrega con algunas de las <strong>noticias m\u00e1s destacadas<\/strong> de la semana. La actualidad <strong>social, pol\u00edtica, cultural e incluso deportiva<\/strong> son uno de los temas principales de este inicio de programa.<\/span><\/p>\n<p><span style=\"font-weight: 400\">A continuaci\u00f3n, presentamos la primera entrevista de la semana. Recibimos a la artista <strong>Aroa Chao<\/strong>, creadora del proyecto <\/span><a href=\"https:\/\/sirocomag.com\/begin-the-beguine\/\"><strong><i>Begin The Beguine<\/i><\/strong><\/a><span style=\"font-weight: 400\">. Su trabajo se ver\u00e1 expuesto, en el marco de Europalia, en la <strong>Iglesia de San Juan Bautista de Bruselas entre el 1 y el 26 de octubre<\/strong>. En \u00e9l, mostrar\u00e1 una exploraci\u00f3n exhaustiva sobre la historia de las beguinas en <strong>House of Compassion<\/strong>, antiguo beguinaje de Bruselas.<\/span><\/p>\n<p><span style=\"font-weight: 400\">Tambi\u00e9n hablamos de la pr\u00f3xima edici\u00f3n de las <a href=\"https:\/\/www.matrimonydays.be\/#:~:text=La%207%C3%A8me%20%C3%A9dition%20des%20Journ%C3%A9es%20du%20Matrimoine%20se,etc.%20Aucune%20activit%C3%A9%20en%20fran%C3%A7ais%20n%E2%80%99est%20pr%C3%A9vue%20prochainement.\"><strong>Jornadas del Matrimonio<\/strong><\/a>, que tendr\u00e1n lugar del <strong>26 al 28 de septiembre<\/strong>. Para conocer m\u00e1s en detalle las m\u00e1s de 30 actividades que se celebrar\u00e1n durante ese fin de semana, recibimos a su fundadora y coordinadora,<strong> Apolline Vranken<\/strong>. A su visita se sumar\u00e1 la de <strong>Ema Tytgat Paredes<\/strong>, artista e investigadora belgo-chilena que lidera proyectos de investigaci\u00f3n y creaci\u00f3n centrados en las memorias del exilio latinoamericano. Entre ellos est\u00e1 <a href=\"https:\/\/www.matrimonydays.be\/event-details\/m-trimonia-les-medias-numeriques-comme-moyen-pour-visibiliser-le-matrimoine-1-6-fr\"><strong><em>Chile Chico<\/em><\/strong><\/a>, un proyecto sonoro y visual sobre el barrio de Versalles que presentar\u00e1 en las Jornadas del Matrimonio.<\/span><\/p>\n\n\n\n<figure class=\"wp-block-embed is-type-rich is-provider-spotify wp-block-embed-spotify wp-embed-aspect-21-9 wp-has-aspect-ratio\"><div class=\"wp-block-embed__wrapper\">\n<iframe title=\"Spotify Embed: Bruselas con \u00d1 (20\/09\/25) - Parte I\" style=\"border-radius: 12px\" width=\"100%\" height=\"152\" frameborder=\"0\" allowfullscreen allow=\"autoplay; clipboard-write; encrypted-media; fullscreen; picture-in-picture\" loading=\"lazy\" src=\"https:\/\/open.spotify.com\/embed\/episode\/6j1anCrufjeqeoh8A0bbbX?si=Tg82YsF2SEi5lmneayttfA&#038;utm_source=oembed\"><\/iframe>\n<\/div><\/figure>\n\n\n\n<p>En la segunda parte tuvimos a <strong>Jorge Barrasa<\/strong>, que present\u00f3 por primera vez en esta nueva temporada la secci\u00f3n <strong><i>CEBE en las ondas<\/i><\/strong>. Lo hizo, junto a <strong>Elena Ramis<\/strong>, con una invitada muy especial, la experta en microbiolog\u00eda <strong>Carmen Torres<\/strong>. La destacada cient\u00edfica particip\u00f3 el pasado jueves en un evento de la serie <a href=\"https:\/\/cebebelgica.es\/es_ES\/news\/105\/spanish-influceners-in-science-edicion-ix-antobiotic-resistance.html\"><i><strong>Spanish Influencers in Science<\/strong> <\/i><\/a>dedicado a la resistencia a los antibi\u00f3ticos.<\/p>\n<p>A continuaci\u00f3n, nos visit\u00f3 otra vez <strong>Laia Boloix<\/strong> con su secci\u00f3n arquitect\u00f3nica <strong><i>Les promenades de LB<\/i><\/strong>. En esta ocasi\u00f3n, nos habl\u00f3 de la <a href=\"https:\/\/www.saintgillesculture.brussels\/house\/maison-pelgrims\"><strong>Maison Pelgrims<\/strong><\/a>, que abre sus puertas despu\u00e9s de dos a\u00f1os de reconstrucci\u00f3n.<\/p>\n<p>Tambi\u00e9n nos acompa\u00f1\u00f3 Laia en la secci\u00f3n <strong><i>La sala de cine<\/i><\/strong>, en la que esta vez no pudimos contar con Ana Mart\u00ednez. Hablamos de la serie de moda, <strong><i>El verano en que me enamor\u00e9<\/i><\/strong> y despedimos a toda una leyenda del s\u00e9ptimo arte como <strong>Robert Redford<\/strong>.<\/p>\n\n\n\n<figure class=\"wp-block-embed is-type-rich is-provider-spotify wp-block-embed-spotify wp-embed-aspect-21-9 wp-has-aspect-ratio\"><div class=\"wp-block-embed__wrapper\">\n<iframe title=\"Spotify Embed: Bruselas con \u00d1 (20\/09\/25) - Parte II\" style=\"border-radius: 12px\" width=\"100%\" height=\"152\" frameborder=\"0\" allowfullscreen allow=\"autoplay; clipboard-write; encrypted-media; fullscreen; picture-in-picture\" loading=\"lazy\" src=\"https:\/\/open.spotify.com\/embed\/episode\/2OZiK5RMcKR3fplLlOOTYi?si=e8fjKoUTRouv2Ffp_tabKw&#038;utm_source=oembed\"><\/iframe>\n<\/div><\/figure>\n","protected":false},"excerpt":{"rendered":"<div class=\"mh-excerpt\"><p>Seguimos con mucha cultura en este nuevo episodio de Bruselas con \u00d1. \u00c9sta no se entender\u00e1 en esta ocasi\u00f3n sin la huella hist\u00f3rica de la mujer en las calles y en algunas de las construcciones <a class=\"mh-excerpt-more\" href=\"https:\/\/radioalma.eu\/bruselas\/2025\/09\/19\/arte-feminismo-y-ciencia-se-hacen-hueco-en-una-bruselas-repleta-de-eventos\/\" title=\"Arte, feminismo y ciencia se hacen hueco en una Bruselas repleta de eventos\">[&#8230;]<\/a><\/p>\n<\/div>","protected":false},"author":51,"featured_media":14260,"comment_status":"open","ping_status":"open","sticky":false,"template":"","format":"standard","meta":{"footnotes":""},"categories":[26,2700,2750,2699,2704],"tags":[67,2873,2580,2728],"class_list":{"0":"post-14259","1":"post","2":"type-post","3":"status-publish","4":"format-standard","5":"has-post-thumbnail","7":"category-agenda-cultural","8":"category-cultura","9":"category-deportes","10":"category-politica","11":"category-social","12":"tag-bruselas-2","13":"tag-bruselas-con-n-2","14":"tag-ciencia","15":"tag-feminismo"},"_links":{"self":[{"href":"https:\/\/radioalma.eu\/bruselas\/wp-json\/wp\/v2\/posts\/14259","targetHints":{"allow":["GET"]}}],"collection":[{"href":"https:\/\/radioalma.eu\/bruselas\/wp-json\/wp\/v2\/posts"}],"about":[{"href":"https:\/\/radioalma.eu\/bruselas\/wp-json\/wp\/v2\/types\/post"}],"author":[{"embeddable":true,"href":"https:\/\/radioalma.eu\/bruselas\/wp-json\/wp\/v2\/users\/51"}],"replies":[{"embeddable":true,"href":"https:\/\/radioalma.eu\/bruselas\/wp-json\/wp\/v2\/comments?post=14259"}],"version-history":[{"count":3,"href":"https:\/\/radioalma.eu\/bruselas\/wp-json\/wp\/v2\/posts\/14259\/revisions"}],"predecessor-version":[{"id":14279,"href":"https:\/\/radioalma.eu\/bruselas\/wp-json\/wp\/v2\/posts\/14259\/revisions\/14279"}],"wp:featuredmedia":[{"embeddable":true,"href":"https:\/\/radioalma.eu\/bruselas\/wp-json\/wp\/v2\/media\/14260"}],"wp:attachment":[{"href":"https:\/\/radioalma.eu\/bruselas\/wp-json\/wp\/v2\/media?parent=14259"}],"wp:term":[{"taxonomy":"category","embeddable":true,"href":"https:\/\/radioalma.eu\/bruselas\/wp-json\/wp\/v2\/categories?post=14259"},{"taxonomy":"post_tag","embeddable":true,"href":"https:\/\/radioalma.eu\/bruselas\/wp-json\/wp\/v2\/tags?post=14259"}],"curies":[{"name":"wp","href":"https:\/\/api.w.org\/{rel}","templated":true}]}}