{"id":14348,"date":"2025-10-06T13:55:51","date_gmt":"2025-10-06T12:55:51","guid":{"rendered":"https:\/\/radioalma.eu\/bruselas\/?p=14348"},"modified":"2025-10-06T13:55:55","modified_gmt":"2025-10-06T12:55:55","slug":"espana-vuelve-a-ser-el-pais-invitado-de-honor-en-europalia-con-goya-como-hilo-conductor","status":"publish","type":"post","link":"https:\/\/radioalma.eu\/bruselas\/2025\/10\/06\/espana-vuelve-a-ser-el-pais-invitado-de-honor-en-europalia-con-goya-como-hilo-conductor\/","title":{"rendered":"Espa\u00f1a vuelve a ser el pa\u00eds invitado de honor en Europalia con Goya como hilo conductor"},"content":{"rendered":"\n<p>Cada pa\u00eds es un mundo. Cada pa\u00eds abarca, en muchos casos, varios mundos. Y ese es el caso del nuestro, <b>Espa\u00f1a, <\/b>que ser\u00e1<b> el gran protagonista de <\/b>una nueva edici\u00f3n del festival belga<b><a href=\"https:\/\/europalia.eu\/en\/espana\"> Europalia<\/a> <\/b>en el que cientos de artistas mostrar\u00e1n sus diferentes proyectos.<\/p>\n<p>Europalia naci\u00f3 en 1969 con el objetivo de acercar personas y culturas a trav\u00e9s del arte. Desde entonces, suma 30 ediciones y hasta 25 millones de visitantes. <b>Esta pr\u00f3xima dar\u00e1 comienzo oficialmente el pr\u00f3ximo mi\u00e9rcoles 8 de octubre y se podr\u00e1 disfrutar hasta el 1 de febrero de 2026.<\/b><\/p>\n<p>El arte en todas y cada una de sus expresiones estar\u00e1 presente. Desde el cine hasta la pintura, pasando por el teatro, la escultura, la danza, la literatura y un largo etc\u00e9tera de actividades, Espa\u00f1a dar\u00e1 buena muestra de su versatilidad art\u00edstica y cultural. <b>Y lo har\u00e1 40 a\u00f1os despu\u00e9s de ser protagonista por primera y, hasta ahora, \u00fanica vez de este festival bienal.\u00a0<\/b><\/p>\n<p>EUROPALIA ESPA\u00d1A comprende m\u00e1s de un centenar de eventos, repartidos por toda B\u00e9lgica, y presenta obras de m\u00e1s de 170 artistas. Todo ello, bajo una tem\u00e1tica principal: <strong>Francisco de Goya.<\/strong>\u00a0<\/p>\n<p>Dos de los creadores que participan en el evento son <strong>Pablo Lilienfeld y Federico Vladimir<\/strong> que presentan su <strong>pieza teatral \u2018M\u00f3nica\u2019<\/strong>. Inspirada en las madres de ambos artistas, que compart\u00edan el mismo nombre, esta obra narra la vida de dos mujeres que, con el arte como principal nexo de uni\u00f3n, comparten experiencias muy similares.\u00a0<\/p>\n<p>Tambi\u00e9n se podr\u00e1 vivir uno de sus espect\u00e1culos m\u00e1s exitosos,<b> &#8216;Drag\u00f3n&#8217;, un proyecto, que se desarrolla en una piscina.\u00a0<\/b><\/p>\n<p>Nacida en 2018, esta coreograf\u00eda acu\u00e1tica est\u00e1 protagonizada por seis nadadoras de nataci\u00f3n sincronizada espa\u00f1olas. En ella, un drag\u00f3n emerge del agua, estirando sus garras, chapoteando, escupiendo y burbujeando en todo su esplendor acu\u00e1tico.\u00a0<\/p>\n\n\n\n<figure class=\"wp-block-embed is-type-rich is-provider-spotify wp-block-embed-spotify wp-embed-aspect-21-9 wp-has-aspect-ratio\"><div class=\"wp-block-embed__wrapper\">\n<iframe title=\"Spotify Embed: Entrevista: Pablo Lilienfeld y Federico Vladimir (artistas)\" style=\"border-radius: 12px\" width=\"100%\" height=\"152\" frameborder=\"0\" allowfullscreen allow=\"autoplay; clipboard-write; encrypted-media; fullscreen; picture-in-picture\" loading=\"lazy\" src=\"https:\/\/open.spotify.com\/embed\/episode\/7qzKP3jddBITh4orGaQzlq?si=wP7pBjWpQomYV8K0y8BROA&#038;utm_source=oembed\"><\/iframe>\n<\/div><\/figure>\n\n\n\n<p>Otros de los invitados al festival son <strong>Euskal Barrokensemble.<\/strong> Un cojunto que naci\u00f3 de la mano de <strong>Enrike Solin\u00eds<\/strong> hace pr\u00e1cticamente dos d\u00e9cadas. A trav\u00e9s de la m\u00fasica antigua, y con instrumentos provenientes de diversas culturas y \u00e9pocas, nos cuentan historias de tiempos pasados para, de alguna manera, saber de d\u00f3nde venimos.<\/p>\n<p><b>Unas historias que narrar\u00e1n en la ciudad de Brujas el pr\u00f3ximo 8 de noviembre. <\/b>All\u00ed presentar\u00e1n su nuevo \u00e1lbum, Subh, que consta de 34 canciones divididas en 5 partes. En ella, la banda nos cuenta la historia de una esclava navarra en el Califato de C\u00f3rdoba<b>.\u00a0<\/b><\/p>\n<p>Y es que, a trav\u00e9s de su arte, Enrike y compa\u00f1\u00eda intentan representar a las distintas culturas que han pasado por la Pen\u00ednsula Ib\u00e9rica, y en Euskal Herria en particular, a lo largo de su historia.<\/p>\n\n\n\n<figure class=\"wp-block-embed is-type-rich is-provider-spotify wp-block-embed-spotify wp-embed-aspect-21-9 wp-has-aspect-ratio\"><div class=\"wp-block-embed__wrapper\">\n<iframe title=\"Spotify Embed: Entrevista: Enrique Solin\u00eds (Euskal Barrokensemble)\" style=\"border-radius: 12px\" width=\"100%\" height=\"152\" frameborder=\"0\" allowfullscreen allow=\"autoplay; clipboard-write; encrypted-media; fullscreen; picture-in-picture\" loading=\"lazy\" src=\"https:\/\/open.spotify.com\/embed\/episode\/0Vgpq2EZI3sDhLkU6kGFOO?si=yJxfB-OdTjeDoxveSOmFkw&#038;utm_source=oembed\"><\/iframe>\n<\/div><\/figure>\n","protected":false},"excerpt":{"rendered":"<div class=\"mh-excerpt\"><p>Cada pa\u00eds es un mundo. Cada pa\u00eds abarca, en muchos casos, varios mundos. Y ese es el caso del nuestro, Espa\u00f1a, que ser\u00e1 el gran protagonista de una nueva edici\u00f3n del festival belga Europalia en <a class=\"mh-excerpt-more\" href=\"https:\/\/radioalma.eu\/bruselas\/2025\/10\/06\/espana-vuelve-a-ser-el-pais-invitado-de-honor-en-europalia-con-goya-como-hilo-conductor\/\" title=\"Espa\u00f1a vuelve a ser el pa\u00eds invitado de honor en Europalia con Goya como hilo conductor\">[&#8230;]<\/a><\/p>\n<\/div>","protected":false},"author":51,"featured_media":14349,"comment_status":"open","ping_status":"open","sticky":false,"template":"","format":"standard","meta":{"footnotes":""},"categories":[26,2700],"tags":[],"class_list":{"0":"post-14348","1":"post","2":"type-post","3":"status-publish","4":"format-standard","5":"has-post-thumbnail","7":"category-agenda-cultural","8":"category-cultura"},"_links":{"self":[{"href":"https:\/\/radioalma.eu\/bruselas\/wp-json\/wp\/v2\/posts\/14348","targetHints":{"allow":["GET"]}}],"collection":[{"href":"https:\/\/radioalma.eu\/bruselas\/wp-json\/wp\/v2\/posts"}],"about":[{"href":"https:\/\/radioalma.eu\/bruselas\/wp-json\/wp\/v2\/types\/post"}],"author":[{"embeddable":true,"href":"https:\/\/radioalma.eu\/bruselas\/wp-json\/wp\/v2\/users\/51"}],"replies":[{"embeddable":true,"href":"https:\/\/radioalma.eu\/bruselas\/wp-json\/wp\/v2\/comments?post=14348"}],"version-history":[{"count":2,"href":"https:\/\/radioalma.eu\/bruselas\/wp-json\/wp\/v2\/posts\/14348\/revisions"}],"predecessor-version":[{"id":14364,"href":"https:\/\/radioalma.eu\/bruselas\/wp-json\/wp\/v2\/posts\/14348\/revisions\/14364"}],"wp:featuredmedia":[{"embeddable":true,"href":"https:\/\/radioalma.eu\/bruselas\/wp-json\/wp\/v2\/media\/14349"}],"wp:attachment":[{"href":"https:\/\/radioalma.eu\/bruselas\/wp-json\/wp\/v2\/media?parent=14348"}],"wp:term":[{"taxonomy":"category","embeddable":true,"href":"https:\/\/radioalma.eu\/bruselas\/wp-json\/wp\/v2\/categories?post=14348"},{"taxonomy":"post_tag","embeddable":true,"href":"https:\/\/radioalma.eu\/bruselas\/wp-json\/wp\/v2\/tags?post=14348"}],"curies":[{"name":"wp","href":"https:\/\/api.w.org\/{rel}","templated":true}]}}