{"id":14371,"date":"2025-10-13T16:14:41","date_gmt":"2025-10-13T15:14:41","guid":{"rendered":"https:\/\/radioalma.eu\/bruselas\/?p=14371"},"modified":"2025-10-13T16:14:44","modified_gmt":"2025-10-13T15:14:44","slug":"has-sonado-con-escribir-tu-propia-novela-jasone-argintzona-lanza-un-curso-en-metaprosa-para-ayudar-a-los-futuros-escritores","status":"publish","type":"post","link":"https:\/\/radioalma.eu\/bruselas\/2025\/10\/13\/has-sonado-con-escribir-tu-propia-novela-jasone-argintzona-lanza-un-curso-en-metaprosa-para-ayudar-a-los-futuros-escritores\/","title":{"rendered":"\u00bfHas so\u00f1ado con escribir tu propia novela? Jasone Argintzona lanza un curso en Metaprosa para ayudar a los futuros escritores"},"content":{"rendered":"\n<p><a href=\"https:\/\/jasoneargintzona.com\/\"><strong>Jasone Argintzona<\/strong><\/a> es editora, escritora y ahora creadora del curso \u201cEscribe tu novela\u201d, que tendr\u00e1 lugar en el centro cultural <a href=\"https:\/\/www.metaprosa.be\/\">Metaprosa<\/a>, un espacio dedicado a la literatura y la riqueza cultural espa\u00f1ola en Bruselas.\u00a0<\/p>\n<p>En este curso, Jasone <strong>acompa\u00f1ar\u00e1 de primera mano a los autores noveles<\/strong> a navegar por los diferentes retos y secretos de escribir una novela, adquiriendo as\u00ed herramientas de escritura a trav\u00e9s de diferentes ejercicios pr\u00e1cticos para descubrir c\u00f3mo dar vida a sus historias, crear personajes inolvidables y ser capaces de estructurar tramas que consigan atrapar al lector.<\/p>\n<p>Un enfoque personalizado y cercano permite hacer de esta experiencia una gran oportunidad para los participantes de encontrar su voz propia y su estilo personal y, por qu\u00e9 no, de <strong>poder llegar a convertirse alg\u00fan d\u00eda en grandes promesas literarias.<\/strong><\/p>\n<p>A lo largo de su trayectoria, <b>Jasone se ha especializado en edici\u00f3n y escritura creativa, completando un m\u00e1ster en escritura de gui\u00f3n<\/b> y participando en talleres de escritura creativa y teatro, donde tuvo la oportunidad de explorar su cara m\u00e1s cr\u00edtica. Adem\u00e1s, cuenta con formaci\u00f3n en comunicaci\u00f3n audiovisual, lo que le permite integrar estrategias narrativas y visuales para as\u00ed enriquecer sus proyectos literarios.<\/p>\n<p>En el \u00faltimo programa, nos visit\u00f3 para hablar del <a href=\"https:\/\/www.instagram.com\/jargintzona\/\">curso<\/a>, del mundo literario, de los ingredientes de una buena novela y mucho m\u00e1s.<\/p>\n\n\n\n<figure class=\"wp-block-embed is-type-rich is-provider-spotify wp-block-embed-spotify wp-embed-aspect-21-9 wp-has-aspect-ratio\"><div class=\"wp-block-embed__wrapper\">\n<iframe title=\"Spotify Embed: Entrevista: Jasone Argintzona (Creadora del curso &amp;apos;Escribe tu novela&amp;apos;)\" style=\"border-radius: 12px\" width=\"100%\" height=\"152\" frameborder=\"0\" allowfullscreen allow=\"autoplay; clipboard-write; encrypted-media; fullscreen; picture-in-picture\" loading=\"lazy\" src=\"https:\/\/open.spotify.com\/embed\/episode\/1olRVyIcwOShavg6AeFoKj?si=Ya02FN5aTCGS2CqokDoliA&#038;utm_source=oembed\"><\/iframe>\n<\/div><\/figure>\n","protected":false},"excerpt":{"rendered":"<div class=\"mh-excerpt\"><p>Jasone Argintzona es editora, escritora y ahora creadora del curso \u201cEscribe tu novela\u201d, que tendr\u00e1 lugar en el centro cultural Metaprosa, un espacio dedicado a la literatura y la riqueza cultural espa\u00f1ola en Bruselas.\u00a0 En <a class=\"mh-excerpt-more\" href=\"https:\/\/radioalma.eu\/bruselas\/2025\/10\/13\/has-sonado-con-escribir-tu-propia-novela-jasone-argintzona-lanza-un-curso-en-metaprosa-para-ayudar-a-los-futuros-escritores\/\" title=\"\u00bfHas so\u00f1ado con escribir tu propia novela? Jasone Argintzona lanza un curso en Metaprosa para ayudar a los futuros escritores\">[&#8230;]<\/a><\/p>\n<\/div>","protected":false},"author":51,"featured_media":14382,"comment_status":"open","ping_status":"open","sticky":false,"template":"","format":"standard","meta":{"footnotes":""},"categories":[2700,2731,29],"tags":[],"class_list":{"0":"post-14371","1":"post","2":"type-post","3":"status-publish","4":"format-standard","5":"has-post-thumbnail","7":"category-cultura","8":"category-literatura","9":"category-protagonista-de-la-semana"},"_links":{"self":[{"href":"https:\/\/radioalma.eu\/bruselas\/wp-json\/wp\/v2\/posts\/14371","targetHints":{"allow":["GET"]}}],"collection":[{"href":"https:\/\/radioalma.eu\/bruselas\/wp-json\/wp\/v2\/posts"}],"about":[{"href":"https:\/\/radioalma.eu\/bruselas\/wp-json\/wp\/v2\/types\/post"}],"author":[{"embeddable":true,"href":"https:\/\/radioalma.eu\/bruselas\/wp-json\/wp\/v2\/users\/51"}],"replies":[{"embeddable":true,"href":"https:\/\/radioalma.eu\/bruselas\/wp-json\/wp\/v2\/comments?post=14371"}],"version-history":[{"count":2,"href":"https:\/\/radioalma.eu\/bruselas\/wp-json\/wp\/v2\/posts\/14371\/revisions"}],"predecessor-version":[{"id":14395,"href":"https:\/\/radioalma.eu\/bruselas\/wp-json\/wp\/v2\/posts\/14371\/revisions\/14395"}],"wp:featuredmedia":[{"embeddable":true,"href":"https:\/\/radioalma.eu\/bruselas\/wp-json\/wp\/v2\/media\/14382"}],"wp:attachment":[{"href":"https:\/\/radioalma.eu\/bruselas\/wp-json\/wp\/v2\/media?parent=14371"}],"wp:term":[{"taxonomy":"category","embeddable":true,"href":"https:\/\/radioalma.eu\/bruselas\/wp-json\/wp\/v2\/categories?post=14371"},{"taxonomy":"post_tag","embeddable":true,"href":"https:\/\/radioalma.eu\/bruselas\/wp-json\/wp\/v2\/tags?post=14371"}],"curies":[{"name":"wp","href":"https:\/\/api.w.org\/{rel}","templated":true}]}}