{"id":14381,"date":"2025-10-13T16:16:28","date_gmt":"2025-10-13T15:16:28","guid":{"rendered":"https:\/\/radioalma.eu\/bruselas\/?p=14381"},"modified":"2025-10-13T16:16:30","modified_gmt":"2025-10-13T15:16:30","slug":"vuelta-a-la-sala-de-cine-con-ana-martinez-y-su-esperada-cartelera-de-la-semana","status":"publish","type":"post","link":"https:\/\/radioalma.eu\/bruselas\/2025\/10\/13\/vuelta-a-la-sala-de-cine-con-ana-martinez-y-su-esperada-cartelera-de-la-semana\/","title":{"rendered":"Vuelta a la Sala de Cine con Ana Mart\u00ednez y su esperada cartelera de la semana"},"content":{"rendered":"\n<p>Despu\u00e9s de unas semanas sin nuestra invitada cin\u00e9fila , <strong>Ana Mart\u00ednez<\/strong>, al fin pudimos acomodarnos bien en la butaca, coger las palomitas y disfrutar de las <strong>recomendaciones de la semana de la cartelera belga.<\/strong> Desde pel\u00edculas de acci\u00f3n como <em>Tron: Ares<\/em>, a comedias francesas como <em>Le Jour J<\/em>, pasando por historias infantiles como<em> Super Grand Prix<\/em> o documentales dram\u00e1ticos como el de John Lennon y Yoko, que ocupar\u00e1 un amplio espacio en la gran pantalla durante estas semanas.\u00a0<\/p>\n<p>Como las pel\u00edculas se le quedan cortas, tambi\u00e9n discutimos sobre las <strong>series m\u00e1s destacadas<\/strong> del momento como <em>El verano en que me enamor\u00e9<\/em> y su tan esperada secuela. As\u00ed, esta recomendaci\u00f3n semanal es la gu\u00eda perfecta para disfrutar del entretenimiento audiovisual, una vez m\u00e1s.<\/p>\n<p>Sshhhhh&#8230;.\u00a0 \u00a1qu\u00e9 ya empieza!<\/p>\n\n\n\n<figure class=\"wp-block-embed is-type-rich is-provider-spotify wp-block-embed-spotify wp-embed-aspect-21-9 wp-has-aspect-ratio\"><div class=\"wp-block-embed__wrapper\">\n<iframe title=\"Spotify Embed: Sala de Cine: Estrenos de la semana\" style=\"border-radius: 12px\" width=\"100%\" height=\"152\" frameborder=\"0\" allowfullscreen allow=\"autoplay; clipboard-write; encrypted-media; fullscreen; picture-in-picture\" loading=\"lazy\" src=\"https:\/\/open.spotify.com\/embed\/episode\/5Yo7nwwyTiFcng0aoij09M?si=6k5hKMNeQEWtkOCvZRrI3w&#038;utm_source=oembed\"><\/iframe>\n<\/div><\/figure>\n","protected":false},"excerpt":{"rendered":"<div class=\"mh-excerpt\"><p>Despu\u00e9s de unas semanas sin nuestra invitada cin\u00e9fila , Ana Mart\u00ednez, al fin pudimos acomodarnos bien en la butaca, coger las palomitas y disfrutar de las recomendaciones de la semana de la cartelera belga. Desde <a class=\"mh-excerpt-more\" href=\"https:\/\/radioalma.eu\/bruselas\/2025\/10\/13\/vuelta-a-la-sala-de-cine-con-ana-martinez-y-su-esperada-cartelera-de-la-semana\/\" title=\"Vuelta a la Sala de Cine con Ana Mart\u00ednez y su esperada cartelera de la semana\">[&#8230;]<\/a><\/p>\n<\/div>","protected":false},"author":51,"featured_media":13921,"comment_status":"open","ping_status":"open","sticky":false,"template":"","format":"standard","meta":{"footnotes":""},"categories":[2700],"tags":[67,40],"class_list":{"0":"post-14381","1":"post","2":"type-post","3":"status-publish","4":"format-standard","5":"has-post-thumbnail","7":"category-cultura","8":"tag-bruselas-2","9":"tag-cine"},"_links":{"self":[{"href":"https:\/\/radioalma.eu\/bruselas\/wp-json\/wp\/v2\/posts\/14381","targetHints":{"allow":["GET"]}}],"collection":[{"href":"https:\/\/radioalma.eu\/bruselas\/wp-json\/wp\/v2\/posts"}],"about":[{"href":"https:\/\/radioalma.eu\/bruselas\/wp-json\/wp\/v2\/types\/post"}],"author":[{"embeddable":true,"href":"https:\/\/radioalma.eu\/bruselas\/wp-json\/wp\/v2\/users\/51"}],"replies":[{"embeddable":true,"href":"https:\/\/radioalma.eu\/bruselas\/wp-json\/wp\/v2\/comments?post=14381"}],"version-history":[{"count":6,"href":"https:\/\/radioalma.eu\/bruselas\/wp-json\/wp\/v2\/posts\/14381\/revisions"}],"predecessor-version":[{"id":14398,"href":"https:\/\/radioalma.eu\/bruselas\/wp-json\/wp\/v2\/posts\/14381\/revisions\/14398"}],"wp:featuredmedia":[{"embeddable":true,"href":"https:\/\/radioalma.eu\/bruselas\/wp-json\/wp\/v2\/media\/13921"}],"wp:attachment":[{"href":"https:\/\/radioalma.eu\/bruselas\/wp-json\/wp\/v2\/media?parent=14381"}],"wp:term":[{"taxonomy":"category","embeddable":true,"href":"https:\/\/radioalma.eu\/bruselas\/wp-json\/wp\/v2\/categories?post=14381"},{"taxonomy":"post_tag","embeddable":true,"href":"https:\/\/radioalma.eu\/bruselas\/wp-json\/wp\/v2\/tags?post=14381"}],"curies":[{"name":"wp","href":"https:\/\/api.w.org\/{rel}","templated":true}]}}