{"id":14468,"date":"2025-11-03T12:46:29","date_gmt":"2025-11-03T11:46:29","guid":{"rendered":"https:\/\/radioalma.eu\/bruselas\/?p=14468"},"modified":"2025-11-03T12:46:32","modified_gmt":"2025-11-03T11:46:32","slug":"un-programa-que-recorre-el-antiguo-cauce-del-senne-y-celebra-el-dia-mundial-del-saxofon","status":"publish","type":"post","link":"https:\/\/radioalma.eu\/bruselas\/2025\/11\/03\/un-programa-que-recorre-el-antiguo-cauce-del-senne-y-celebra-el-dia-mundial-del-saxofon\/","title":{"rendered":"Un programa que recorre el antiguo cauce del Senne y celebra el D\u00eda Mundial del Saxof\u00f3n"},"content":{"rendered":"\n<p>La \u00faltima edici\u00f3n de <a href=\"https:\/\/radioalma.eu\/bruselas\/\"><b>Bruselas con \u00d1<\/b><\/a> arranc\u00f3 con el habitual repaso a la actualidad de la semana para sumergirse despu\u00e9s en todo tipo de contenidos culturales.\u00a0<\/p>\n<p>En la primera parte, viajamos al coraz\u00f3n subterr\u00e1neo de Bruselas para descubrir una historia que muchos desconocen: la del <b>r\u00edo Senne<\/b>, ese cauce invisible que todav\u00eda fluye bajo el asfalto de la ciudad. De la mano de <a href=\"https:\/\/maiderlopez.com\/\"><b>Maider Lopez<\/b><\/a>, conocimos su proyecto <a href=\"https:\/\/europalia.eu\/en\/europalia-espana\/programme\/maider-lopez-walk-the-river\"><b>Walk the Rive<\/b>r<\/a>, una acci\u00f3n performativa incluida en el Festival Europalia que invita a recorrer el antiguo cauce del Senne.<\/p>\n<p>Con motivo del <b>D\u00eda Mundial del Saxof\u00f3n<\/b> el pr\u00f3ximo 6 de noviembre, rendiemos homenaje a su creador: <b>Adolphe Sax<\/b>. Adem\u00e1s, charlamos con <a href=\"https:\/\/www.raulcicuendez.com\/\"><b>Ra\u00fal Cicu\u00e9ndez<\/b><\/a>, m\u00fasico espa\u00f1ol residente en Bruselas, que ha hecho del saxof\u00f3n su modo de vida.<\/p>\n\n\n\n<figure class=\"wp-block-embed is-type-rich is-provider-spotify wp-block-embed-spotify wp-embed-aspect-21-9 wp-has-aspect-ratio\"><div class=\"wp-block-embed__wrapper\">\n<iframe title=\"Spotify Embed: Bruselas con \u00d1 (01\/11\/25) - Parte I\" style=\"border-radius: 12px\" width=\"100%\" height=\"152\" frameborder=\"0\" allowfullscreen allow=\"autoplay; clipboard-write; encrypted-media; fullscreen; picture-in-picture\" loading=\"lazy\" src=\"https:\/\/open.spotify.com\/embed\/episode\/46dxPFI2ZOR7Mqzv4bYEdQ?si=yVQIKR96RLuW9xMqy5haJw&#038;utm_source=oembed\"><\/iframe>\n<\/div><\/figure>\n\n\n\n<p>Despu\u00e9s, seguimos hablando de m\u00fasica con <a href=\"https:\/\/www.lasoireemusicale.com\/es\/nosotros-ruth-prieto.zhtm\"><b>Ruth Prieto<\/b> <\/a>en su secci\u00f3n <i>M\u00fasica al dente<\/i>, donde, como siempre, nos ofreci\u00f3 su mirada sobre las \u00faltimas propuestas sonoras que marcan el ritmo musical del mes.<\/p>\n<p>En la segunda parte, arrancamos con nuestra secci\u00f3n literaria <i>Todo est\u00e1 escrito.<\/i> Nuestra colaboradora <a href=\"https:\/\/www.instagram.com\/torrescon65\/\"><b>Concha Torres<\/b><\/a> compar\u00f3 dos libros de \u00e9pocas diferentes pero que tienen mucho en com\u00fan: <em><b>Oposici\u00f3n<\/b><\/em> de Sara Mesa y <em><b>Miau<\/b><\/em> de Benito Perez Gald\u00f3s.<\/p>\n<p>Tras la literatura, fue el momento de nuestra secci\u00f3n cient\u00edfica <i>CEBE en las ondas<\/i>. Elena Ramis y Jorge Barrasa nos explicaron los detalles del premio Nobel de Medicina y rindieron homenaje a la gran <b>Jane Goodall<\/b>.<\/p>\n<p>Finalmente, entramos en la <b>Sala de Cine<\/b> para repasar los t\u00edtulos de las carteleras.<\/p>\n\n\n\n<figure class=\"wp-block-embed is-type-rich is-provider-spotify wp-block-embed-spotify wp-embed-aspect-21-9 wp-has-aspect-ratio\"><div class=\"wp-block-embed__wrapper\">\n<iframe title=\"Spotify Embed: Bruselas con \u00d1 (01\/11\/25) - Parte II\" style=\"border-radius: 12px\" width=\"100%\" height=\"152\" frameborder=\"0\" allowfullscreen allow=\"autoplay; clipboard-write; encrypted-media; fullscreen; picture-in-picture\" loading=\"lazy\" src=\"https:\/\/open.spotify.com\/embed\/episode\/4z83pykanzsAXPjNK8Zsx7?utm_source=oembed\"><\/iframe>\n<\/div><\/figure>\n","protected":false},"excerpt":{"rendered":"<div class=\"mh-excerpt\"><p>La \u00faltima edici\u00f3n de Bruselas con \u00d1 arranc\u00f3 con el habitual repaso a la actualidad de la semana para sumergirse despu\u00e9s en todo tipo de contenidos culturales.\u00a0 En la primera parte, viajamos al coraz\u00f3n subterr\u00e1neo <a class=\"mh-excerpt-more\" href=\"https:\/\/radioalma.eu\/bruselas\/2025\/11\/03\/un-programa-que-recorre-el-antiguo-cauce-del-senne-y-celebra-el-dia-mundial-del-saxofon\/\" title=\"Un programa que recorre el antiguo cauce del Senne y celebra el D\u00eda Mundial del Saxof\u00f3n\">[&#8230;]<\/a><\/p>\n<\/div>","protected":false},"author":51,"featured_media":14469,"comment_status":"open","ping_status":"open","sticky":false,"template":"","format":"standard","meta":{"footnotes":""},"categories":[2700],"tags":[],"class_list":{"0":"post-14468","1":"post","2":"type-post","3":"status-publish","4":"format-standard","5":"has-post-thumbnail","7":"category-cultura"},"_links":{"self":[{"href":"https:\/\/radioalma.eu\/bruselas\/wp-json\/wp\/v2\/posts\/14468","targetHints":{"allow":["GET"]}}],"collection":[{"href":"https:\/\/radioalma.eu\/bruselas\/wp-json\/wp\/v2\/posts"}],"about":[{"href":"https:\/\/radioalma.eu\/bruselas\/wp-json\/wp\/v2\/types\/post"}],"author":[{"embeddable":true,"href":"https:\/\/radioalma.eu\/bruselas\/wp-json\/wp\/v2\/users\/51"}],"replies":[{"embeddable":true,"href":"https:\/\/radioalma.eu\/bruselas\/wp-json\/wp\/v2\/comments?post=14468"}],"version-history":[{"count":1,"href":"https:\/\/radioalma.eu\/bruselas\/wp-json\/wp\/v2\/posts\/14468\/revisions"}],"predecessor-version":[{"id":14470,"href":"https:\/\/radioalma.eu\/bruselas\/wp-json\/wp\/v2\/posts\/14468\/revisions\/14470"}],"wp:featuredmedia":[{"embeddable":true,"href":"https:\/\/radioalma.eu\/bruselas\/wp-json\/wp\/v2\/media\/14469"}],"wp:attachment":[{"href":"https:\/\/radioalma.eu\/bruselas\/wp-json\/wp\/v2\/media?parent=14468"}],"wp:term":[{"taxonomy":"category","embeddable":true,"href":"https:\/\/radioalma.eu\/bruselas\/wp-json\/wp\/v2\/categories?post=14468"},{"taxonomy":"post_tag","embeddable":true,"href":"https:\/\/radioalma.eu\/bruselas\/wp-json\/wp\/v2\/tags?post=14468"}],"curies":[{"name":"wp","href":"https:\/\/api.w.org\/{rel}","templated":true}]}}