{"id":14474,"date":"2025-11-03T13:18:37","date_gmt":"2025-11-03T12:18:37","guid":{"rendered":"https:\/\/radioalma.eu\/bruselas\/?p=14474"},"modified":"2025-11-03T13:18:40","modified_gmt":"2025-11-03T12:18:40","slug":"raul-cicuendez-el-musico-espanol-que-se-dedica-al-saxofon-en-el-pais-de-su-inventor","status":"publish","type":"post","link":"https:\/\/radioalma.eu\/bruselas\/2025\/11\/03\/raul-cicuendez-el-musico-espanol-que-se-dedica-al-saxofon-en-el-pais-de-su-inventor\/","title":{"rendered":"Ra\u00fal Cicu\u00e9ndez, el m\u00fasico espa\u00f1ol que se dedica al saxof\u00f3n en el pa\u00eds de su inventor"},"content":{"rendered":"\n<p><b>El pr\u00f3ximo 6 de noviembre celebramos el D\u00eda Mundial del Saxof\u00f3n<\/b>, una fecha emblem\u00e1tica para celebrar el natalicio del creador de este instrumento: <b>Adolphe Sax<\/b>, un m\u00fasico y fabricante de instrumentos belga que, gracias al saxof\u00f3n, populariz\u00f3 uno de los movimientos musicales m\u00e1s difundidos en todo el mundo: el jazz.\u00a0<\/p>\n<p>Adolphe Sax naci\u00f3 en Dinant, una peque\u00f1a ciudad a orillas del Mosa, en 1814. Desde ni\u00f1o mostr\u00f3 una gran fascinaci\u00f3n por el sonido. Su padre, Charles Sax, era fabricante de instrumentos, y el peque\u00f1o Adolphe creci\u00f3 entre tubos, v\u00e1lvulas y metales.<\/p>\n<p>En el \u00faltimo programa, rendimos homenaje a Adolphe Sax hablando con un <strong>espa\u00f1ol residente en Bruselas que se gana la vida tocando y ense\u00f1ando a tocar el instrumento que un d\u00eda invent\u00f3 nuestro protagonista.<\/strong><\/p>\n<p><strong><a href=\"https:\/\/www.raulcicuendez.com\/\">Ra\u00fal Cicu\u00e9ndez<\/a><\/strong> lleva m\u00e1s de 20 <span class=\"wixui-rich-text__text\"><span class=\"color_42 wixui-rich-text__text\">a\u00f1os dedic\u00e1ndose a la m\u00fasica. Se form\u00f3 <\/span><\/span><span class=\"color_42 wixui-rich-text__text\">en el <strong>Conservatorio Superior de M\u00fasica del Pa\u00eds Vasco<\/strong> (Musikene) y posteriormente estudi\u00f3 m\u00e1steres en interpretaci\u00f3n, pedagog\u00eda y m\u00fasica de c\u00e1mara en el <strong>Conservatoire Royal de Bruxelles, ARTS2 y Luca School of Arts.<\/strong><\/span><\/p>\n<p class=\"font_8 wixui-rich-text__text\"><span class=\"color_42 wixui-rich-text__text\">Actualmente es profesor titular de saxof\u00f3n en las <strong>Acad\u00e9mies de Bruxelles y Schaerbeek<\/strong>. <\/span><span class=\"color_42 wixui-rich-text__text\">A largo de su trayectoria he actuado en pa\u00edses como Jap\u00f3n, B\u00e9lgica, Ucrania, Francia, Holanda y Espa\u00f1a.<\/span><\/p>\n\n\n\n<figure class=\"wp-block-embed is-type-rich is-provider-spotify wp-block-embed-spotify wp-embed-aspect-21-9 wp-has-aspect-ratio\"><div class=\"wp-block-embed__wrapper\">\n<iframe title=\"Spotify Embed: Entrevista: Ra\u00fal Cicu\u00e9ndez ( Saxofonista )\" style=\"border-radius: 12px\" width=\"100%\" height=\"152\" frameborder=\"0\" allowfullscreen allow=\"autoplay; clipboard-write; encrypted-media; fullscreen; picture-in-picture\" loading=\"lazy\" src=\"https:\/\/open.spotify.com\/embed\/episode\/5c0KvKAZ31jfpEspVibUYR?si=7Oih3EMVQHCJ4vrSLM-kWQ&#038;utm_source=oembed\"><\/iframe>\n<\/div><\/figure>\n","protected":false},"excerpt":{"rendered":"<div class=\"mh-excerpt\"><p>El pr\u00f3ximo 6 de noviembre celebramos el D\u00eda Mundial del Saxof\u00f3n, una fecha emblem\u00e1tica para celebrar el natalicio del creador de este instrumento: Adolphe Sax, un m\u00fasico y fabricante de instrumentos belga que, gracias al <a class=\"mh-excerpt-more\" href=\"https:\/\/radioalma.eu\/bruselas\/2025\/11\/03\/raul-cicuendez-el-musico-espanol-que-se-dedica-al-saxofon-en-el-pais-de-su-inventor\/\" title=\"Ra\u00fal Cicu\u00e9ndez, el m\u00fasico espa\u00f1ol que se dedica al saxof\u00f3n en el pa\u00eds de su inventor\">[&#8230;]<\/a><\/p>\n<\/div>","protected":false},"author":51,"featured_media":14475,"comment_status":"open","ping_status":"open","sticky":false,"template":"","format":"standard","meta":{"footnotes":""},"categories":[2700,29],"tags":[],"class_list":{"0":"post-14474","1":"post","2":"type-post","3":"status-publish","4":"format-standard","5":"has-post-thumbnail","7":"category-cultura","8":"category-protagonista-de-la-semana"},"_links":{"self":[{"href":"https:\/\/radioalma.eu\/bruselas\/wp-json\/wp\/v2\/posts\/14474","targetHints":{"allow":["GET"]}}],"collection":[{"href":"https:\/\/radioalma.eu\/bruselas\/wp-json\/wp\/v2\/posts"}],"about":[{"href":"https:\/\/radioalma.eu\/bruselas\/wp-json\/wp\/v2\/types\/post"}],"author":[{"embeddable":true,"href":"https:\/\/radioalma.eu\/bruselas\/wp-json\/wp\/v2\/users\/51"}],"replies":[{"embeddable":true,"href":"https:\/\/radioalma.eu\/bruselas\/wp-json\/wp\/v2\/comments?post=14474"}],"version-history":[{"count":2,"href":"https:\/\/radioalma.eu\/bruselas\/wp-json\/wp\/v2\/posts\/14474\/revisions"}],"predecessor-version":[{"id":14485,"href":"https:\/\/radioalma.eu\/bruselas\/wp-json\/wp\/v2\/posts\/14474\/revisions\/14485"}],"wp:featuredmedia":[{"embeddable":true,"href":"https:\/\/radioalma.eu\/bruselas\/wp-json\/wp\/v2\/media\/14475"}],"wp:attachment":[{"href":"https:\/\/radioalma.eu\/bruselas\/wp-json\/wp\/v2\/media?parent=14474"}],"wp:term":[{"taxonomy":"category","embeddable":true,"href":"https:\/\/radioalma.eu\/bruselas\/wp-json\/wp\/v2\/categories?post=14474"},{"taxonomy":"post_tag","embeddable":true,"href":"https:\/\/radioalma.eu\/bruselas\/wp-json\/wp\/v2\/tags?post=14474"}],"curies":[{"name":"wp","href":"https:\/\/api.w.org\/{rel}","templated":true}]}}