{"id":14550,"date":"2025-11-20T11:55:52","date_gmt":"2025-11-20T10:55:52","guid":{"rendered":"https:\/\/radioalma.eu\/bruselas\/?p=14550"},"modified":"2025-11-20T11:55:55","modified_gmt":"2025-11-20T10:55:55","slug":"cinco-anos-de-historias-con-tamara-atienzar-en-bruselas-con-n-un-final-que-inspira-nuevos-comienzos","status":"publish","type":"post","link":"https:\/\/radioalma.eu\/bruselas\/2025\/11\/20\/cinco-anos-de-historias-con-tamara-atienzar-en-bruselas-con-n-un-final-que-inspira-nuevos-comienzos\/","title":{"rendered":"Cinco a\u00f1os de historias con Tamara Ati\u00e9nzar en \u00abBruselas con \u00d1\u00bb: un final que inspira nuevos comienzos"},"content":{"rendered":"\n<p style=\"text-align: left\"><span style=\"font-weight: 400\">La semana pasada vivimos un <\/span><b>programa muy especial de \u201cBruselas con \u00d1\u201d<\/b><span style=\"font-weight: 400\">, un espacio que, durante cinco a\u00f1os, ha sido moldeado con dedicaci\u00f3n y pasi\u00f3n por nuestra querida <\/span><a href=\"https:\/\/www.instagram.com\/tamaraatienzar\/\"><b>Tamara Ati\u00e9nzar<\/b><\/a><span style=\"font-weight: 400\">, responsable de todo el contenido que nos acompa\u00f1\u00f3 cada semana.<\/span><\/p>\n<p style=\"text-align: left\"><span style=\"font-weight: 400\">En esta edici\u00f3n, quisimos rendirle un homenaje a su labor y a su esp\u00edritu creativo, ahora que su camino se separa del nuestro, de Radio Alma. Todos los colaboradores de las secciones del programa se unieron para crear un <\/span><b>contenido \u00fanico<\/b><span style=\"font-weight: 400\">, guiados por el tema que ella misma eligi\u00f3: <\/span><b>\u201cprincipios y finales\u201d<\/b><span style=\"font-weight: 400\">. Cada intervenci\u00f3n explor\u00f3 este hilo conductor desde la perspectiva de su propia secci\u00f3n, creando un mosaico de recuerdos, reflexiones y emociones.<\/span><\/p>\n<p style=\"text-align: left\"><span style=\"font-weight: 400\">En <\/span><b>Promenades de LB<\/b><span style=\"font-weight: 400\">, <\/span><a href=\"https:\/\/www.instagram.com\/lboloix\/\"><b>Laia Boloix<\/b><\/a><span style=\"font-weight: 400\"> nos present\u00f3 la zona arquitect\u00f3nica de la Grand Place, un espacio que ir\u00f3nicamente nunca le ha entusiasmado, pero que en esta ocasi\u00f3n eligi\u00f3 para reflexionar sobre los <\/span><b>finales y los legados<\/b><span style=\"font-weight: 400\"> que los edificios y las plazas nos dejan, en un gesto cargado de cari\u00f1o y homenaje a Tamara.<\/span><\/p>\n<p style=\"text-align: left\"><span style=\"font-weight: 400\">En <\/span><b>M\u00fasica al Dente<\/b><span style=\"font-weight: 400\">, <\/span><a href=\"https:\/\/www.instagram.com\/la_soiree_musicale\/\"><b>Ruth Prieto<\/b><\/a><span style=\"font-weight: 400\"> dedic\u00f3 unas palabras po\u00e9ticas y emocionantes junto con una canci\u00f3n dedicada a Tamara, transformando la m\u00fasica en un reflejo de gratitud y cari\u00f1o, y cerrando el programa con un instante de belleza y sensibilidad que resum\u00eda la esencia de todo lo vivido.<\/span><\/p>\n<p style=\"text-align: left\"><span style=\"font-weight: 400\">En la <\/span><b>BEDETECA, nuestra secci\u00f3n de c\u00f3mics<\/b><span style=\"font-weight: 400\">, <\/span><a href=\"https:\/\/www.instagram.com\/daniel.bartual\/\"><b>Daniel Bartual<\/b><\/a><span style=\"font-weight: 400\"> prepar\u00f3 un <\/span><b>examen final<\/b><span style=\"font-weight: 400\"> para Tamara, repasando con ingenio y humor todo el contenido que hab\u00edan trabajado juntos durante estos cinco a\u00f1os, en un momento lleno de complicidad y emoci\u00f3n.<\/span><\/p>\n<p style=\"text-align: left\"><span style=\"font-weight: 400\">En <\/span><b>Es broma pero no es mentira, <\/b><a href=\"https:\/\/www.instagram.com\/lidiapenya_comedia\/\"><b>L\u00eddia<\/b><\/a><b> y <\/b><a href=\"https:\/\/www.instagram.com\/luisbelliscomedy\/\"><b>Lu\u00eds<\/b><\/a><span style=\"font-weight: 400\"> abordaron los <\/span><b>principios y finales<\/b><span style=\"font-weight: 400\"> una vez m\u00e1s con su caracter\u00edstico humor, mezclando risas y emoci\u00f3n. Aunque nos hicieron re\u00edr, tambi\u00e9n se percib\u00eda su tristeza y nostalgia, reflejando el cari\u00f1o que todos sentimos al despedir a Tamara.<\/span><\/p>\n<p style=\"text-align: left\"><span style=\"font-weight: 400\">En la segunda parte de este emocionante programa empezamos en <\/span><b>la UE al d\u00eda de <\/b><a href=\"https:\/\/www.instagram.com\/iagolombardiasanjulian\/\"><b>Iago Lombard\u00eda<\/b><\/a><span style=\"font-weight: 400\">, que nos ofreci\u00f3 una mirada sobre los <\/span><b>principios de la Uni\u00f3n Europea<\/b><span style=\"font-weight: 400\">, recordando c\u00f3mo cada paso y cada decisi\u00f3n de los primeros d\u00edas sentaron las bases de lo que somos hoy, y c\u00f3mo comprender esos inicios nos ayuda a valorar tambi\u00e9n los finales y los legados que permanecen.<\/span><\/p>\n<p style=\"text-align: left\"><span style=\"font-weight: 400\">En <\/span><b>Todo est\u00e1 escrito, <\/b><a href=\"https:\/\/www.instagram.com\/torrescon65\/\"><b>Concha Torres<\/b><\/a><span style=\"font-weight: 400\"> adopt\u00f3 un tono ir\u00f3nico y creativo, consultando al ChatGPT para analizar y criticar diversas obras y sus autores, todas ellas vinculadas con los <\/span><b>principios y finales<\/b><span style=\"font-weight: 400\">, aportando humor y reflexi\u00f3n sobre c\u00f3mo la literatura puede explorar los inicios y los desenlaces de cualquier historia.<\/span><\/p>\n<p style=\"text-align: left\"><span style=\"font-weight: 400\">En <\/span><b>CEBE en las Ondas, <\/b><a href=\"https:\/\/www.instagram.com\/elenatura\/\"><b>Elena<\/b><\/a> <span style=\"font-weight: 400\">nos transport\u00f3 a los <\/span><b>principios de la humanidad<\/b><span style=\"font-weight: 400\">, explorando la Prehistoria y el Neol\u00edtico, record\u00e1ndonos que todo presente nace de un comienzo lleno de descubrimientos y aprendizajes.<\/span><b> Jorge<\/b><span style=\"font-weight: 400\"> nos present\u00f3 el ciclo de una hoja, de su principio hasta su final.<\/span><\/p>\n<p style=\"text-align: left\"><span style=\"font-weight: 400\">En <\/span><a href=\"https:\/\/www.instagram.com\/histericas.perdidas\/\"><b>Hist\u00e9ricas Perdidas<\/b><\/a><span style=\"font-weight: 400\">, <\/span><a href=\"https:\/\/www.instagram.com\/ireenedlp\/\"><b>Irene<\/b><\/a><span style=\"font-weight: 400\"> nos llev\u00f3 a los <\/span><b>principios de los influencers en Espa\u00f1a <\/b><span style=\"font-weight: 400\">hablando sobre el consultorio de <\/span><b>Helena Francis<\/b><span style=\"font-weight: 400\">, que alcanz\u00f3 gran renombre en Espa\u00f1a durante las d\u00e9cadas de los 60, 70 y 80, recordando c\u00f3mo los comienzos de un fen\u00f3meno pueden marcar generaciones y c\u00f3mo su legado perdura en la memoria colectiva.<\/span><\/p>\n<p style=\"text-align: left\"><span style=\"font-weight: 400\">Y finalmente, en la <\/span><b>Sala de Cine con Ana Mart\u00ednez<\/b><span style=\"font-weight: 400\">, nos llev\u00f3 a un viaje cinematogr\u00e1fico a trav\u00e9s de los <\/span><b>principios y finales del cine belga<\/b><span style=\"font-weight: 400\">, presentando las pel\u00edculas m\u00e1s ic\u00f3nicas de la cartelera cuando comenz\u00f3 la secci\u00f3n y contrast\u00e1ndolas con los \u00faltimos estrenos, cerrando el programa con un recuerdo emotivo de los comienzos y finales que marcan cada historia, en la pantalla y en la vida.<\/span><\/p>\n<p style=\"text-align: left\"><span style=\"font-weight: 400\">Cada secci\u00f3n, desde la ciencia, la arquitectura, la pol\u00edtica, los c\u00f3mics, la m\u00fasica, la cultura popular, la literatura, la comedia o el cine, fue un peque\u00f1o tributo a los <\/span><b>principios y finales<\/b><span style=\"font-weight: 400\"> que forman nuestra historia, y juntos construyeron un homenaje colectivo a la trayectoria de Tamara. Fue un programa donde la emoci\u00f3n, la nostalgia y la gratitud se entrelazaron, record\u00e1ndonos que cada final tambi\u00e9n es un nuevo comienzo y que los principios siempre laten en lo que sigue.<\/span><\/p>\n\n\n\n\n\n<figure class=\"wp-block-embed is-type-rich is-provider-spotify wp-block-embed-spotify wp-embed-aspect-21-9 wp-has-aspect-ratio\"><div class=\"wp-block-embed__wrapper\">\n<iframe title=\"Spotify Embed: Programa Especial Bruselas Con \u00d1: Principios y finales con Tamara Ati\u00e9nzar - Parte 1\" style=\"border-radius: 12px\" width=\"100%\" height=\"152\" frameborder=\"0\" allowfullscreen allow=\"autoplay; clipboard-write; encrypted-media; fullscreen; picture-in-picture\" loading=\"lazy\" src=\"https:\/\/open.spotify.com\/embed\/episode\/00xZCiupSQXNdtvtlBCDjW?si=414be2fd34de4021&#038;utm_source=oembed\"><\/iframe>\n<\/div><\/figure>\n\n\n\n\n\n<figure class=\"wp-block-embed is-type-rich is-provider-spotify wp-block-embed-spotify wp-embed-aspect-21-9 wp-has-aspect-ratio\"><div class=\"wp-block-embed__wrapper\">\n<iframe title=\"Spotify Embed: Programa Especial Bruselas Con \u00d1: Principios y finales con Tamara Ati\u00e9nzar - Parte 2\" style=\"border-radius: 12px\" width=\"100%\" height=\"152\" frameborder=\"0\" allowfullscreen allow=\"autoplay; clipboard-write; encrypted-media; fullscreen; picture-in-picture\" loading=\"lazy\" src=\"https:\/\/open.spotify.com\/embed\/episode\/6Sg5VKcLK2Pe6ykzKAws6T?si=4cafd798829841c2&#038;utm_source=oembed\"><\/iframe>\n<\/div><\/figure>\n","protected":false},"excerpt":{"rendered":"<div class=\"mh-excerpt\"><p>La semana pasada vivimos un programa muy especial de \u201cBruselas con \u00d1\u201d, un espacio que, durante cinco a\u00f1os, ha sido moldeado con dedicaci\u00f3n y pasi\u00f3n por nuestra querida Tamara Ati\u00e9nzar, responsable de todo el contenido <a class=\"mh-excerpt-more\" href=\"https:\/\/radioalma.eu\/bruselas\/2025\/11\/20\/cinco-anos-de-historias-con-tamara-atienzar-en-bruselas-con-n-un-final-que-inspira-nuevos-comienzos\/\" title=\"Cinco a\u00f1os de historias con Tamara Ati\u00e9nzar en \u00abBruselas con \u00d1\u00bb: un final que inspira nuevos comienzos\">[&#8230;]<\/a><\/p>\n<\/div>","protected":false},"author":51,"featured_media":14551,"comment_status":"open","ping_status":"open","sticky":false,"template":"","format":"standard","meta":{"footnotes":""},"categories":[26,2698,2700,2697,2731,2699,2704],"tags":[829,622,67,2580,40,1984,1886,2706],"class_list":{"0":"post-14550","1":"post","2":"type-post","3":"status-publish","4":"format-standard","5":"has-post-thumbnail","7":"category-agenda-cultural","8":"category-ciencia","9":"category-cultura","10":"category-europa","11":"category-literatura","12":"category-politica","13":"category-social","14":"tag-arquitectura","15":"tag-arte","16":"tag-bruselas-2","17":"tag-ciencia","18":"tag-cine","19":"tag-humor","20":"tag-literatura","21":"tag-politica-2"},"_links":{"self":[{"href":"https:\/\/radioalma.eu\/bruselas\/wp-json\/wp\/v2\/posts\/14550","targetHints":{"allow":["GET"]}}],"collection":[{"href":"https:\/\/radioalma.eu\/bruselas\/wp-json\/wp\/v2\/posts"}],"about":[{"href":"https:\/\/radioalma.eu\/bruselas\/wp-json\/wp\/v2\/types\/post"}],"author":[{"embeddable":true,"href":"https:\/\/radioalma.eu\/bruselas\/wp-json\/wp\/v2\/users\/51"}],"replies":[{"embeddable":true,"href":"https:\/\/radioalma.eu\/bruselas\/wp-json\/wp\/v2\/comments?post=14550"}],"version-history":[{"count":3,"href":"https:\/\/radioalma.eu\/bruselas\/wp-json\/wp\/v2\/posts\/14550\/revisions"}],"predecessor-version":[{"id":14554,"href":"https:\/\/radioalma.eu\/bruselas\/wp-json\/wp\/v2\/posts\/14550\/revisions\/14554"}],"wp:featuredmedia":[{"embeddable":true,"href":"https:\/\/radioalma.eu\/bruselas\/wp-json\/wp\/v2\/media\/14551"}],"wp:attachment":[{"href":"https:\/\/radioalma.eu\/bruselas\/wp-json\/wp\/v2\/media?parent=14550"}],"wp:term":[{"taxonomy":"category","embeddable":true,"href":"https:\/\/radioalma.eu\/bruselas\/wp-json\/wp\/v2\/categories?post=14550"},{"taxonomy":"post_tag","embeddable":true,"href":"https:\/\/radioalma.eu\/bruselas\/wp-json\/wp\/v2\/tags?post=14550"}],"curies":[{"name":"wp","href":"https:\/\/api.w.org\/{rel}","templated":true}]}}