{"id":14563,"date":"2025-11-24T18:12:07","date_gmt":"2025-11-24T17:12:07","guid":{"rendered":"https:\/\/radioalma.eu\/bruselas\/?p=14563"},"modified":"2025-11-26T12:15:10","modified_gmt":"2025-11-26T11:15:10","slug":"un-nuevo-pulso-flamenco-en-europa-asi-nace-cinco-dias-flamenco-en-bruselas","status":"publish","type":"post","link":"https:\/\/radioalma.eu\/bruselas\/2025\/11\/24\/un-nuevo-pulso-flamenco-en-europa-asi-nace-cinco-dias-flamenco-en-bruselas\/","title":{"rendered":"Un nuevo pulso flamenco en Europa: as\u00ed nace Cinco D\u00edas Flamenco en Bruselas"},"content":{"rendered":"\n<p><span style=\"font-weight: 400\">Alguna vez has imaginado que el flamenco pudiera sobrepasar las fronteras espa\u00f1olas para dejarse conocer en otras partes del mundo? Pues esto est\u00e1 m\u00e1s cerca de lo que creemos.<\/span><span style=\"font-weight: 400\"> La ciudad de Bruselas acoge del 26 al 30 de noviembre la primera edici\u00f3n del <\/span><b>Festival Cinco D\u00edas Flamenco antes y despu\u00e9s del flamenco <\/b><b><\/b><span style=\"font-weight: 400\">que convertir\u00e1 teatros y salas en escenarios donde tradici\u00f3n y contemporaneidad dialogar\u00e1n sin miedo. Las actuaciones que formaran parte del programa \u2014entre ellas las de la bailaora <\/span><b>\u00darsula L\u00f3pez<\/b><span style=\"font-weight: 400\">, que presenta dos piezas llenas de intensidad y creatividad\u2014 ofreceran una mirada renovada a un arte que sigue evolucionando sin perder su ra\u00edz. Para entender mejor el esp\u00edritu del festival y los ejes que lo gu\u00edan, charlamos con <\/span><b>C\u00e9line Garc\u00eda<\/b><span style=\"font-weight: 400\">, asistente de Pedro G. Romero y coordinadora art\u00edstica, que nos desvel\u00f3 c\u00f3mo surgi\u00f3 esta nueva apuesta cultural y qu\u00e9 la hace diferente en el panorama europeo.<\/span><\/p>\n\n\n\n<figure class=\"wp-block-embed is-type-rich is-provider-spotify wp-block-embed-spotify wp-embed-aspect-21-9 wp-has-aspect-ratio\"><div class=\"wp-block-embed__wrapper\">\n<iframe title=\"Spotify Embed: Entrevista: C\u00e9line Garcia ( Coordinadora del Festival 5 d\u00edas Flamenco )\" style=\"border-radius: 12px\" width=\"100%\" height=\"152\" frameborder=\"0\" allowfullscreen allow=\"autoplay; clipboard-write; encrypted-media; fullscreen; picture-in-picture\" loading=\"lazy\" src=\"https:\/\/open.spotify.com\/embed\/episode\/34wHOqUXpVgpT6KjcH3rZG?si=8fea9a8a043248e4&#038;utm_source=oembed\"><\/iframe>\n<\/div><\/figure>\n","protected":false},"excerpt":{"rendered":"<div class=\"mh-excerpt\"><p>Alguna vez has imaginado que el flamenco pudiera sobrepasar las fronteras espa\u00f1olas para dejarse conocer en otras partes del mundo? Pues esto est\u00e1 m\u00e1s cerca de lo que creemos. La ciudad de Bruselas acoge del <a class=\"mh-excerpt-more\" href=\"https:\/\/radioalma.eu\/bruselas\/2025\/11\/24\/un-nuevo-pulso-flamenco-en-europa-asi-nace-cinco-dias-flamenco-en-bruselas\/\" title=\"Un nuevo pulso flamenco en Europa: as\u00ed nace Cinco D\u00edas Flamenco en Bruselas\">[&#8230;]<\/a><\/p>\n<\/div>","protected":false},"author":51,"featured_media":14574,"comment_status":"open","ping_status":"open","sticky":false,"template":"","format":"standard","meta":{"footnotes":""},"categories":[2700,2704],"tags":[622,2726,67,105,2754],"class_list":{"0":"post-14563","1":"post","2":"type-post","3":"status-publish","4":"format-standard","5":"has-post-thumbnail","7":"category-cultura","8":"category-social","9":"tag-arte","10":"tag-baile","11":"tag-bruselas-2","12":"tag-flamenco","13":"tag-musica-2"},"_links":{"self":[{"href":"https:\/\/radioalma.eu\/bruselas\/wp-json\/wp\/v2\/posts\/14563","targetHints":{"allow":["GET"]}}],"collection":[{"href":"https:\/\/radioalma.eu\/bruselas\/wp-json\/wp\/v2\/posts"}],"about":[{"href":"https:\/\/radioalma.eu\/bruselas\/wp-json\/wp\/v2\/types\/post"}],"author":[{"embeddable":true,"href":"https:\/\/radioalma.eu\/bruselas\/wp-json\/wp\/v2\/users\/51"}],"replies":[{"embeddable":true,"href":"https:\/\/radioalma.eu\/bruselas\/wp-json\/wp\/v2\/comments?post=14563"}],"version-history":[{"count":1,"href":"https:\/\/radioalma.eu\/bruselas\/wp-json\/wp\/v2\/posts\/14563\/revisions"}],"predecessor-version":[{"id":14567,"href":"https:\/\/radioalma.eu\/bruselas\/wp-json\/wp\/v2\/posts\/14563\/revisions\/14567"}],"wp:featuredmedia":[{"embeddable":true,"href":"https:\/\/radioalma.eu\/bruselas\/wp-json\/wp\/v2\/media\/14574"}],"wp:attachment":[{"href":"https:\/\/radioalma.eu\/bruselas\/wp-json\/wp\/v2\/media?parent=14563"}],"wp:term":[{"taxonomy":"category","embeddable":true,"href":"https:\/\/radioalma.eu\/bruselas\/wp-json\/wp\/v2\/categories?post=14563"},{"taxonomy":"post_tag","embeddable":true,"href":"https:\/\/radioalma.eu\/bruselas\/wp-json\/wp\/v2\/tags?post=14563"}],"curies":[{"name":"wp","href":"https:\/\/api.w.org\/{rel}","templated":true}]}}