{"id":14575,"date":"2025-12-01T15:04:22","date_gmt":"2025-12-01T14:04:22","guid":{"rendered":"https:\/\/radioalma.eu\/bruselas\/?p=14575"},"modified":"2025-12-02T12:55:44","modified_gmt":"2025-12-02T11:55:44","slug":"entre-lecturas-apoyo-y-cine-iniciativas-que-enfrentan-la-violencia-contra-las-mujeres","status":"publish","type":"post","link":"https:\/\/radioalma.eu\/bruselas\/2025\/12\/01\/entre-lecturas-apoyo-y-cine-iniciativas-que-enfrentan-la-violencia-contra-las-mujeres\/","title":{"rendered":"Entre lecturas, apoyo y cine: iniciativas que enfrentan la violencia contra las mujeres"},"content":{"rendered":"\n<p><span style=\"font-weight: 400\">Esta semana volvimos a encontrarnos en una edici\u00f3n especial de <strong>Bruselas con \u00d1<\/strong>, marcada por el<strong> D\u00eda Internacional para la Eliminaci\u00f3n de la Violencia contra las Mujeres<\/strong>, celebrado el pasado 25 de noviembre. Un programa en el que nos acercamos a distintas iniciativas que, desde la cultura, el pensamiento y la acci\u00f3n colectiva, trabajan para visibilizar, cuestionar y transformar una realidad que todav\u00eda atraviesa nuestras sociedades.<\/span><\/p>\n<p><span style=\"font-weight: 400\">Empezamos con la visita de <\/span><b>Ana Bueno<\/b><span style=\"font-weight: 400\">, creadora del <strong>club de lectura de ensayo feminista<\/strong> en Metaprosa. Con ella exploramos c\u00f3mo este espacio se ha convertido en un punto de encuentro donde compartir reflexiones, abrir preguntas y generar pensamiento cr\u00edtico alrededor de las m\u00faltiples formas que adopta la desigualdad. Ana nos explic\u00f3 el origen del club, su apuesta por los textos que incomodan y movilizan, y la importancia de crear comunidades de lectoras que dialoguen desde la experiencia y el aprendizaje mutuo.<\/span><\/p>\n<p><span style=\"font-weight: 400\">Seguidamente nos adentramos en <\/span><b>Women Now Bruselas<\/b><span style=\"font-weight: 400\"> de la mano de <\/span><b>Sixta<\/b><span style=\"font-weight: 400\">, una de sus fundadoras. A trav\u00e9s de la conversaci\u00f3n conocimos el trabajo fundamental que realiza este colectivo, centrado en ofrecer apoyo psicol\u00f3gico, legal y comunitario a mujeres que est\u00e1n viviendo situaciones de violencia, muchas de ellas migrantes que se encuentran especialmente desprotegidas. Sixta nos explic\u00f3 c\u00f3mo Women Now se ha convertido en un espacio seguro donde pedir ayuda, encontrar acompa\u00f1amiento y reconstruir redes de confianza, y c\u00f3mo su labor busca tender puentes entre las necesidades urgentes y los recursos disponibles en la ciudad.<\/span><\/p>\n<p><span style=\"font-weight: 400\">Finalmente, cerramos la semana con una edici\u00f3n especial de <\/span><b>La sala de cine<\/b><span style=\"font-weight: 400\"> con\u00a0 <\/span><b>Ana Mart\u00ednez<\/b><span style=\"font-weight: 400\">, que nos propuso un recorrido cinematogr\u00e1fico por historias que abordan la violencia contra las mujeres desde miradas muy distintas. Un itinerario que fue desde relatos \u00edntimos hasta propuestas m\u00e1s pol\u00edticas, poniendo en relieve la capacidad del cine para nombrar lo invisible, cuestionar lo establecido y abrir espacios de memoria y reparaci\u00f3n.\u00a0<\/span><\/p>\n<p>\u00a0<\/p>\n\n\n\n<figure class=\"wp-block-embed is-type-rich is-provider-spotify wp-block-embed-spotify wp-embed-aspect-21-9 wp-has-aspect-ratio\"><div class=\"wp-block-embed__wrapper\">\n<iframe title=\"Spotify Embed: Bruselas con \u00d1 ( 29\/11\/25 ) - D\u00eda Internacional de la Eliminaci\u00f3n de la Violencia contra la Mujer\" style=\"border-radius: 12px\" width=\"100%\" height=\"152\" frameborder=\"0\" allowfullscreen allow=\"autoplay; clipboard-write; encrypted-media; fullscreen; picture-in-picture\" loading=\"lazy\" src=\"https:\/\/open.spotify.com\/embed\/episode\/12oJMbXSJzFMKCuJRk8yAP?si=5081bb216c844c25&#038;utm_source=oembed\"><\/iframe>\n<\/div><\/figure>\n","protected":false},"excerpt":{"rendered":"<div class=\"mh-excerpt\"><p>Esta semana volvimos a encontrarnos en una edici\u00f3n especial de Bruselas con \u00d1, marcada por el D\u00eda Internacional para la Eliminaci\u00f3n de la Violencia contra las Mujeres, celebrado el pasado 25 de noviembre. Un programa <a class=\"mh-excerpt-more\" href=\"https:\/\/radioalma.eu\/bruselas\/2025\/12\/01\/entre-lecturas-apoyo-y-cine-iniciativas-que-enfrentan-la-violencia-contra-las-mujeres\/\" title=\"Entre lecturas, apoyo y cine: iniciativas que enfrentan la violencia contra las mujeres\">[&#8230;]<\/a><\/p>\n<\/div>","protected":false},"author":51,"featured_media":14576,"comment_status":"open","ping_status":"open","sticky":false,"template":"","format":"standard","meta":{"footnotes":""},"categories":[26,2700,2731,2704],"tags":[2894,622,67,800,456],"class_list":{"0":"post-14575","1":"post","2":"type-post","3":"status-publish","4":"format-standard","5":"has-post-thumbnail","7":"category-agenda-cultural","8":"category-cultura","9":"category-literatura","10":"category-social","11":"tag-actualidad-cultural","12":"tag-arte","13":"tag-bruselas-2","14":"tag-lucha","15":"tag-mujer"},"_links":{"self":[{"href":"https:\/\/radioalma.eu\/bruselas\/wp-json\/wp\/v2\/posts\/14575","targetHints":{"allow":["GET"]}}],"collection":[{"href":"https:\/\/radioalma.eu\/bruselas\/wp-json\/wp\/v2\/posts"}],"about":[{"href":"https:\/\/radioalma.eu\/bruselas\/wp-json\/wp\/v2\/types\/post"}],"author":[{"embeddable":true,"href":"https:\/\/radioalma.eu\/bruselas\/wp-json\/wp\/v2\/users\/51"}],"replies":[{"embeddable":true,"href":"https:\/\/radioalma.eu\/bruselas\/wp-json\/wp\/v2\/comments?post=14575"}],"version-history":[{"count":1,"href":"https:\/\/radioalma.eu\/bruselas\/wp-json\/wp\/v2\/posts\/14575\/revisions"}],"predecessor-version":[{"id":14577,"href":"https:\/\/radioalma.eu\/bruselas\/wp-json\/wp\/v2\/posts\/14575\/revisions\/14577"}],"wp:featuredmedia":[{"embeddable":true,"href":"https:\/\/radioalma.eu\/bruselas\/wp-json\/wp\/v2\/media\/14576"}],"wp:attachment":[{"href":"https:\/\/radioalma.eu\/bruselas\/wp-json\/wp\/v2\/media?parent=14575"}],"wp:term":[{"taxonomy":"category","embeddable":true,"href":"https:\/\/radioalma.eu\/bruselas\/wp-json\/wp\/v2\/categories?post=14575"},{"taxonomy":"post_tag","embeddable":true,"href":"https:\/\/radioalma.eu\/bruselas\/wp-json\/wp\/v2\/tags?post=14575"}],"curies":[{"name":"wp","href":"https:\/\/api.w.org\/{rel}","templated":true}]}}