{"id":14600,"date":"2025-12-08T12:59:57","date_gmt":"2025-12-08T11:59:57","guid":{"rendered":"https:\/\/radioalma.eu\/bruselas\/?p=14600"},"modified":"2025-12-08T13:00:03","modified_gmt":"2025-12-08T12:00:03","slug":"alex-odogherty-lleva-su-talento-a-bruselas-con-palabras-mayores","status":"publish","type":"post","link":"https:\/\/radioalma.eu\/bruselas\/2025\/12\/08\/alex-odogherty-lleva-su-talento-a-bruselas-con-palabras-mayores\/","title":{"rendered":"Alex O&#8217;Dogherty lleva su talento a Bruselas con \u00abPalabras Mayores\u00bb"},"content":{"rendered":"\n<p><span style=\"font-weight: 400\">En el programa de esta semana pudimos hablar con <\/span><a href=\"https:\/\/www.instagram.com\/alexodogherty\/\"><b>\u00c1lex O\u2019Dogherty<\/b><\/a><span style=\"font-weight: 400\">, un artista polifac\u00e9tico que combina comedia, m\u00fasica e interpretaci\u00f3n con un estilo propio y reconocible. Lleg\u00f3 a Bruselas el pasado s\u00e1bado para presentar su nuevo espect\u00e1culo <\/span><a href=\"https:\/\/www.instagram.com\/p\/DRtqExBDnkI\/\"><b><i>Palabras Mayores<\/i><\/b><\/a> <span style=\"font-weight: 400\">y no pudimos perder la oportunidad de hablar con \u00e9l para que nos contara un poco m\u00e1s sobre este nuevo proyecto. Hablamos de algunas de sus an\u00e9cdotas m\u00e1s divertidas encima de un escenario, conversamos sobre el origen de su show, el cual se presenta como la segunda parte de su otro especy\u00e1culo <em>Imb\u00e9cil<\/em> y tambi\u00e9n de esa capacidad tan suya de transformar lo cotidiano en algo sorprendente. Tambi\u00e9n nos confes\u00f3 sus ganas que ten\u00eda de volver a la capital europea y su relaci\u00f3n con el p\u00fablico internacional.<\/span><\/p>\n\n\n\n<figure class=\"wp-block-embed is-type-rich is-provider-spotify wp-block-embed-spotify wp-embed-aspect-21-9 wp-has-aspect-ratio\"><div class=\"wp-block-embed__wrapper\">\n<iframe title=\"Spotify Embed: Entrevista: Alex O&amp;apos;Dogherty ( Show Palabras Mayores )\" style=\"border-radius: 12px\" width=\"100%\" height=\"152\" frameborder=\"0\" allowfullscreen allow=\"autoplay; clipboard-write; encrypted-media; fullscreen; picture-in-picture\" loading=\"lazy\" src=\"https:\/\/open.spotify.com\/embed\/episode\/6FJmHDIMACkTqbLlbbjcCp?si=8259adde33a04ed7&#038;utm_source=oembed\"><\/iframe>\n<\/div><\/figure>\n\n\n","protected":false},"excerpt":{"rendered":"<div class=\"mh-excerpt\"><p>En el programa de esta semana pudimos hablar con \u00c1lex O\u2019Dogherty, un artista polifac\u00e9tico que combina comedia, m\u00fasica e interpretaci\u00f3n con un estilo propio y reconocible. Lleg\u00f3 a Bruselas el pasado s\u00e1bado para presentar su <a class=\"mh-excerpt-more\" href=\"https:\/\/radioalma.eu\/bruselas\/2025\/12\/08\/alex-odogherty-lleva-su-talento-a-bruselas-con-palabras-mayores\/\" title=\"Alex O&#8217;Dogherty lleva su talento a Bruselas con \u00abPalabras Mayores\u00bb\">[&#8230;]<\/a><\/p>\n<\/div>","protected":false},"author":51,"featured_media":14601,"comment_status":"open","ping_status":"open","sticky":false,"template":"","format":"standard","meta":{"footnotes":""},"categories":[26,2700,2704],"tags":[67,2758,1984,2899,2780],"class_list":{"0":"post-14600","1":"post","2":"type-post","3":"status-publish","4":"format-standard","5":"has-post-thumbnail","7":"category-agenda-cultural","8":"category-cultura","9":"category-social","10":"tag-bruselas-2","11":"tag-comedia","12":"tag-humor","13":"tag-palabras-mayores","14":"tag-show"},"_links":{"self":[{"href":"https:\/\/radioalma.eu\/bruselas\/wp-json\/wp\/v2\/posts\/14600","targetHints":{"allow":["GET"]}}],"collection":[{"href":"https:\/\/radioalma.eu\/bruselas\/wp-json\/wp\/v2\/posts"}],"about":[{"href":"https:\/\/radioalma.eu\/bruselas\/wp-json\/wp\/v2\/types\/post"}],"author":[{"embeddable":true,"href":"https:\/\/radioalma.eu\/bruselas\/wp-json\/wp\/v2\/users\/51"}],"replies":[{"embeddable":true,"href":"https:\/\/radioalma.eu\/bruselas\/wp-json\/wp\/v2\/comments?post=14600"}],"version-history":[{"count":1,"href":"https:\/\/radioalma.eu\/bruselas\/wp-json\/wp\/v2\/posts\/14600\/revisions"}],"predecessor-version":[{"id":14602,"href":"https:\/\/radioalma.eu\/bruselas\/wp-json\/wp\/v2\/posts\/14600\/revisions\/14602"}],"wp:featuredmedia":[{"embeddable":true,"href":"https:\/\/radioalma.eu\/bruselas\/wp-json\/wp\/v2\/media\/14601"}],"wp:attachment":[{"href":"https:\/\/radioalma.eu\/bruselas\/wp-json\/wp\/v2\/media?parent=14600"}],"wp:term":[{"taxonomy":"category","embeddable":true,"href":"https:\/\/radioalma.eu\/bruselas\/wp-json\/wp\/v2\/categories?post=14600"},{"taxonomy":"post_tag","embeddable":true,"href":"https:\/\/radioalma.eu\/bruselas\/wp-json\/wp\/v2\/tags?post=14600"}],"curies":[{"name":"wp","href":"https:\/\/api.w.org\/{rel}","templated":true}]}}