{"id":14644,"date":"2026-01-19T16:06:16","date_gmt":"2026-01-19T15:06:16","guid":{"rendered":"https:\/\/radioalma.eu\/bruselas\/?p=14644"},"modified":"2026-01-19T16:06:20","modified_gmt":"2026-01-19T15:06:20","slug":"historia-en-vinetas-en-la-bedeteca-de-la-semana-con-daniel-bartual","status":"publish","type":"post","link":"https:\/\/radioalma.eu\/bruselas\/2026\/01\/19\/historia-en-vinetas-en-la-bedeteca-de-la-semana-con-daniel-bartual\/","title":{"rendered":"Historia en vi\u00f1etas en la Bedeteca de la semana con Daniel Bartual"},"content":{"rendered":"\n<p data-start=\"3130\" data-end=\"3523\">En esta entrega de la Bedeteca, la secci\u00f3n dedicada al c\u00f3mic de la mano de <strong data-start=\"3231\" data-end=\"3249\">Daniel Bartual<\/strong>, nos propone un aut\u00e9ntico recorrido por la historia a trav\u00e9s de la novela gr\u00e1fica. Una secci\u00f3n que nace, en parte, a ra\u00edz de la visita a Bruselas de los autores chilenos <strong data-start=\"3436\" data-end=\"3462\">Christian Ramos Aliaga<\/strong> y <strong data-start=\"3465\" data-end=\"3487\">Hardy Wandersleben<\/strong>, creadores de <em data-start=\"3502\" data-end=\"3522\">Operaci\u00f3n Siglo XX<\/em>.<\/p>\n<p data-start=\"3525\" data-end=\"4122\">A partir de ah\u00ed, Daniel presenta una cuidada selecci\u00f3n de c\u00f3mics que abordan grandes acontecimientos hist\u00f3ricos y conflictos pol\u00edticos desde distintas perspectivas. Entre las obras destacadas se encuentran <em data-start=\"3731\" data-end=\"3737\">Maus<\/em> de <strong data-start=\"3741\" data-end=\"3759\">Art Spiegelman<\/strong>, una referencia fundamental sobre el Holocausto; <em data-start=\"3809\" data-end=\"3831\">Notas al pie de Gaza<\/em> de <strong data-start=\"3835\" data-end=\"3848\">Joe Sacco<\/strong>, una investigaci\u00f3n period\u00edstica en formato gr\u00e1fico sobre la Franja de Gaza; <em data-start=\"3925\" data-end=\"3937\">Pers\u00e9polis<\/em> de <strong data-start=\"3941\" data-end=\"3960\">Marjane Satrapi<\/strong>, relato autobiogr\u00e1fico marcado por la revoluci\u00f3n iran\u00ed; y la reciente obra belga <em data-start=\"4042\" data-end=\"4075\">La d\u00e9colonisation selon Lumumba<\/em>, centrada en la figura de <strong data-start=\"4102\" data-end=\"4121\">Patrice Lumumba<\/strong>.<\/p>\n<p data-start=\"4124\" data-end=\"4363\">La secci\u00f3n pone en valor el c\u00f3mic como un medio capaz de combinar rigor hist\u00f3rico, memoria y narrativa visual, demostrando que las vi\u00f1etas tambi\u00e9n pueden ser una poderosa herramienta para entender el pasado y reflexionar sobre el presente.<\/p>\n\n\n\n<figure class=\"wp-block-embed is-type-rich is-provider-spotify wp-block-embed-spotify wp-embed-aspect-21-9 wp-has-aspect-ratio\"><div class=\"wp-block-embed__wrapper\">\n<iframe title=\"Spotify Embed: La Bedeteca: Selecci\u00f3n de c\u00f3mics hist\u00f3ricos\" style=\"border-radius: 12px\" width=\"100%\" height=\"152\" frameborder=\"0\" allowfullscreen allow=\"autoplay; clipboard-write; encrypted-media; fullscreen; picture-in-picture\" loading=\"lazy\" src=\"https:\/\/open.spotify.com\/embed\/episode\/6TfJ59Md3yOvZUiijPosNP?si=82912b9df12344a3&amp;utm_source=oembed\"><\/iframe>\n<\/div><\/figure>\n","protected":false},"excerpt":{"rendered":"<div class=\"mh-excerpt\"><p>En esta entrega de la Bedeteca, la secci\u00f3n dedicada al c\u00f3mic de la mano de Daniel Bartual, nos propone un aut\u00e9ntico recorrido por la historia a trav\u00e9s de la novela gr\u00e1fica. Una secci\u00f3n que nace, <a class=\"mh-excerpt-more\" href=\"https:\/\/radioalma.eu\/bruselas\/2026\/01\/19\/historia-en-vinetas-en-la-bedeteca-de-la-semana-con-daniel-bartual\/\" title=\"Historia en vi\u00f1etas en la Bedeteca de la semana con Daniel Bartual\">[&#8230;]<\/a><\/p>\n<\/div>","protected":false},"author":51,"featured_media":14645,"comment_status":"open","ping_status":"open","sticky":false,"template":"","format":"standard","meta":{"footnotes":""},"categories":[26,2731,2704],"tags":[67],"class_list":{"0":"post-14644","1":"post","2":"type-post","3":"status-publish","4":"format-standard","5":"has-post-thumbnail","7":"category-agenda-cultural","8":"category-literatura","9":"category-social","10":"tag-bruselas-2"},"_links":{"self":[{"href":"https:\/\/radioalma.eu\/bruselas\/wp-json\/wp\/v2\/posts\/14644","targetHints":{"allow":["GET"]}}],"collection":[{"href":"https:\/\/radioalma.eu\/bruselas\/wp-json\/wp\/v2\/posts"}],"about":[{"href":"https:\/\/radioalma.eu\/bruselas\/wp-json\/wp\/v2\/types\/post"}],"author":[{"embeddable":true,"href":"https:\/\/radioalma.eu\/bruselas\/wp-json\/wp\/v2\/users\/51"}],"replies":[{"embeddable":true,"href":"https:\/\/radioalma.eu\/bruselas\/wp-json\/wp\/v2\/comments?post=14644"}],"version-history":[{"count":1,"href":"https:\/\/radioalma.eu\/bruselas\/wp-json\/wp\/v2\/posts\/14644\/revisions"}],"predecessor-version":[{"id":14648,"href":"https:\/\/radioalma.eu\/bruselas\/wp-json\/wp\/v2\/posts\/14644\/revisions\/14648"}],"wp:featuredmedia":[{"embeddable":true,"href":"https:\/\/radioalma.eu\/bruselas\/wp-json\/wp\/v2\/media\/14645"}],"wp:attachment":[{"href":"https:\/\/radioalma.eu\/bruselas\/wp-json\/wp\/v2\/media?parent=14644"}],"wp:term":[{"taxonomy":"category","embeddable":true,"href":"https:\/\/radioalma.eu\/bruselas\/wp-json\/wp\/v2\/categories?post=14644"},{"taxonomy":"post_tag","embeddable":true,"href":"https:\/\/radioalma.eu\/bruselas\/wp-json\/wp\/v2\/tags?post=14644"}],"curies":[{"name":"wp","href":"https:\/\/api.w.org\/{rel}","templated":true}]}}