{"id":14690,"date":"2026-02-09T14:10:11","date_gmt":"2026-02-09T13:10:11","guid":{"rendered":"https:\/\/radioalma.eu\/bruselas\/?p=14690"},"modified":"2026-02-09T14:11:38","modified_gmt":"2026-02-09T13:11:38","slug":"el-artista-venezolano-koz-dos-es-el-creador-de-una-de-las-imagenes-principales-del-affordable-art-fair","status":"publish","type":"post","link":"https:\/\/radioalma.eu\/bruselas\/2026\/02\/09\/el-artista-venezolano-koz-dos-es-el-creador-de-una-de-las-imagenes-principales-del-affordable-art-fair\/","title":{"rendered":"El artista venezolano Koz Dos es el creador de una de las im\u00e1genes principales del Affordable Art Fair"},"content":{"rendered":"\n<p><span style=\"font-weight: 400\">El festival de arte Affordable Art Fair celebr\u00f3 la semana pasada, del 4 al 8 de febrero, su d\u00e9cimo s\u00e9ptima edici\u00f3n en Tour &amp; Taxi. Hablamos con Martin Zabala, un artista venezolano, parte del proyecto art\u00edstico Koz Dos. Tras haber colaborado previamente con la feria, Martin vuelve este a\u00f1o creando una de las im\u00e1genes principales de esta edici\u00f3n. Titulada \u201cWhen the Levee Breaks\u201d, la obra muestra detalladamente cu\u00e1l es el estilo del artista y qu\u00e9 enfoque suele utilizar.\u00a0<\/span><\/p>\n<p><span style=\"font-weight: 400\">Martin nos cuenta que tiene muy buena relaci\u00f3n con la feria, porque siempre les han tratado con atenci\u00f3n y porque para \u00e9l es fundamental la importancia que le da el evento a la pluralidad cultural y a las nuevas oportunidades. Charlando sobre su proceso creativo, nos cuenta su relaci\u00f3n con el instinto creativo, la relaci\u00f3n que tiene con sus primeros inicios y c\u00f3mo recibe las interpretaciones del p\u00fablico.<\/span><\/p>\n\n\n\n\n\n<figure class=\"wp-block-embed is-type-rich is-provider-spotify wp-block-embed-spotify wp-embed-aspect-21-9 wp-has-aspect-ratio\"><div class=\"wp-block-embed__wrapper\">\n<iframe title=\"Spotify Embed: Entrevista: Mart\u00edn Zabala (Affordable Art Fair)\" style=\"border-radius: 12px\" width=\"100%\" height=\"152\" frameborder=\"0\" allowfullscreen allow=\"autoplay; clipboard-write; encrypted-media; fullscreen; picture-in-picture\" loading=\"lazy\" src=\"https:\/\/open.spotify.com\/embed\/episode\/727za5uIFl6BrV1hC06QsK?si=f18dc24c0b764f81&amp;utm_source=oembed\"><\/iframe>\n<\/div><\/figure>\n","protected":false},"excerpt":{"rendered":"<div class=\"mh-excerpt\"><p>El festival de arte Affordable Art Fair celebr\u00f3 la semana pasada, del 4 al 8 de febrero, su d\u00e9cimo s\u00e9ptima edici\u00f3n en Tour &amp; Taxi. Hablamos con Martin Zabala, un artista venezolano, parte del proyecto <a class=\"mh-excerpt-more\" href=\"https:\/\/radioalma.eu\/bruselas\/2026\/02\/09\/el-artista-venezolano-koz-dos-es-el-creador-de-una-de-las-imagenes-principales-del-affordable-art-fair\/\" title=\"El artista venezolano Koz Dos es el creador de una de las im\u00e1genes principales del Affordable Art Fair\">[&#8230;]<\/a><\/p>\n<\/div>","protected":false},"author":51,"featured_media":14692,"comment_status":"open","ping_status":"open","sticky":false,"template":"","format":"standard","meta":{"footnotes":""},"categories":[2700],"tags":[622,27,1745],"class_list":{"0":"post-14690","1":"post","2":"type-post","3":"status-publish","4":"format-standard","5":"has-post-thumbnail","7":"category-cultura","8":"tag-arte","9":"tag-bruselas-agenda-cultural","10":"tag-cultura"},"_links":{"self":[{"href":"https:\/\/radioalma.eu\/bruselas\/wp-json\/wp\/v2\/posts\/14690","targetHints":{"allow":["GET"]}}],"collection":[{"href":"https:\/\/radioalma.eu\/bruselas\/wp-json\/wp\/v2\/posts"}],"about":[{"href":"https:\/\/radioalma.eu\/bruselas\/wp-json\/wp\/v2\/types\/post"}],"author":[{"embeddable":true,"href":"https:\/\/radioalma.eu\/bruselas\/wp-json\/wp\/v2\/users\/51"}],"replies":[{"embeddable":true,"href":"https:\/\/radioalma.eu\/bruselas\/wp-json\/wp\/v2\/comments?post=14690"}],"version-history":[{"count":3,"href":"https:\/\/radioalma.eu\/bruselas\/wp-json\/wp\/v2\/posts\/14690\/revisions"}],"predecessor-version":[{"id":14701,"href":"https:\/\/radioalma.eu\/bruselas\/wp-json\/wp\/v2\/posts\/14690\/revisions\/14701"}],"wp:featuredmedia":[{"embeddable":true,"href":"https:\/\/radioalma.eu\/bruselas\/wp-json\/wp\/v2\/media\/14692"}],"wp:attachment":[{"href":"https:\/\/radioalma.eu\/bruselas\/wp-json\/wp\/v2\/media?parent=14690"}],"wp:term":[{"taxonomy":"category","embeddable":true,"href":"https:\/\/radioalma.eu\/bruselas\/wp-json\/wp\/v2\/categories?post=14690"},{"taxonomy":"post_tag","embeddable":true,"href":"https:\/\/radioalma.eu\/bruselas\/wp-json\/wp\/v2\/tags?post=14690"}],"curies":[{"name":"wp","href":"https:\/\/api.w.org\/{rel}","templated":true}]}}