{"id":14694,"date":"2026-02-09T14:08:15","date_gmt":"2026-02-09T13:08:15","guid":{"rendered":"https:\/\/radioalma.eu\/bruselas\/?p=14694"},"modified":"2026-02-09T14:08:20","modified_gmt":"2026-02-09T13:08:20","slug":"la-ue-al-dia-defensa-en-tiempos-de-incertidumbre-y-fondos-europeos","status":"publish","type":"post","link":"https:\/\/radioalma.eu\/bruselas\/2026\/02\/09\/la-ue-al-dia-defensa-en-tiempos-de-incertidumbre-y-fondos-europeos\/","title":{"rendered":"La UE al d\u00eda: Defensa en tiempos de incertidumbre y fondos europeos"},"content":{"rendered":"\n<p align=\"justify\"><span style=\"color: #000000\"><span style=\"font-family: Times New Roman, serif\"><span style=\"font-size: large\">Bienvenidos a <\/span><\/span><\/span><span style=\"color: #000000\"><span style=\"font-family: Times New Roman, serif\"><span style=\"font-size: large\"><b>La UE al d\u00eda<\/b><\/span><\/span><\/span><span style=\"color: #000000\"><span style=\"font-family: Times New Roman, serif\"><span style=\"font-size: large\">, la secci\u00f3n dedicada a desentra\u00f1ar la actualidad comunitaria. Un espacio en el que repasamos las decisiones, debates y acontecimientos m\u00e1s destacados de la semana en la Uni\u00f3n Europea, aportando claves para comprender su impacto en la ciudadan\u00eda y en el futuro del proyecto europeo.<\/span><\/span><\/span><\/p>\n<p align=\"justify\"><span style=\"color: #000000\"><span style=\"font-family: Times New Roman, serif\"><span style=\"font-size: large\">En la edici\u00f3n de esta semana, discutimos sobre el papel de la Uni\u00f3n Europea en un mundo cada vez m\u00e1s inestable y la posibilidad de tener que recurrir a un modelo de defensa tradicional para salvaguardar los intereses de la Uni\u00f3n. Adem\u00e1s, hablamos sobre la realidad de los 27 como potencia econ\u00f3mica y la utilidad de los fondos europeos; uno de los apoyos m\u00e1s palpables que la ciudadan\u00eda puede notar en su d\u00eda a d\u00eda. <\/span><\/span><\/span><\/p>\n\n\n\n<figure class=\"wp-block-embed is-type-rich is-provider-spotify wp-block-embed-spotify wp-embed-aspect-21-9 wp-has-aspect-ratio\"><div class=\"wp-block-embed__wrapper\">\n<iframe title=\"Spotify Embed: &quot;La UE al d\u00eda&quot;: los fondos europeos, las legislaturas y la inestabilidad de la UE\" style=\"border-radius: 12px\" width=\"100%\" height=\"152\" frameborder=\"0\" allowfullscreen allow=\"autoplay; clipboard-write; encrypted-media; fullscreen; picture-in-picture\" loading=\"lazy\" src=\"https:\/\/open.spotify.com\/embed\/episode\/38rBAdcnNM11IUGS7Nbp1M?si=0107ab14a3674248&amp;utm_source=oembed\"><\/iframe>\n<\/div><\/figure>\n\n\n","protected":false},"excerpt":{"rendered":"<div class=\"mh-excerpt\"><p>Bienvenidos a La UE al d\u00eda, la secci\u00f3n dedicada a desentra\u00f1ar la actualidad comunitaria. Un espacio en el que repasamos las decisiones, debates y acontecimientos m\u00e1s destacados de la semana en la Uni\u00f3n Europea, aportando <a class=\"mh-excerpt-more\" href=\"https:\/\/radioalma.eu\/bruselas\/2026\/02\/09\/la-ue-al-dia-defensa-en-tiempos-de-incertidumbre-y-fondos-europeos\/\" title=\"La UE al d\u00eda: Defensa en tiempos de incertidumbre y fondos europeos\">[&#8230;]<\/a><\/p>\n<\/div>","protected":false},"author":51,"featured_media":14696,"comment_status":"open","ping_status":"open","sticky":false,"template":"","format":"standard","meta":{"footnotes":""},"categories":[2697,2699],"tags":[2924,2925,181,2923],"class_list":{"0":"post-14694","1":"post","2":"type-post","3":"status-publish","4":"format-standard","5":"has-post-thumbnail","7":"category-europa","8":"category-politica","9":"tag-defensa","10":"tag-fondos-europeos","11":"tag-ue","12":"tag-union-europea-2"},"_links":{"self":[{"href":"https:\/\/radioalma.eu\/bruselas\/wp-json\/wp\/v2\/posts\/14694","targetHints":{"allow":["GET"]}}],"collection":[{"href":"https:\/\/radioalma.eu\/bruselas\/wp-json\/wp\/v2\/posts"}],"about":[{"href":"https:\/\/radioalma.eu\/bruselas\/wp-json\/wp\/v2\/types\/post"}],"author":[{"embeddable":true,"href":"https:\/\/radioalma.eu\/bruselas\/wp-json\/wp\/v2\/users\/51"}],"replies":[{"embeddable":true,"href":"https:\/\/radioalma.eu\/bruselas\/wp-json\/wp\/v2\/comments?post=14694"}],"version-history":[{"count":2,"href":"https:\/\/radioalma.eu\/bruselas\/wp-json\/wp\/v2\/posts\/14694\/revisions"}],"predecessor-version":[{"id":14698,"href":"https:\/\/radioalma.eu\/bruselas\/wp-json\/wp\/v2\/posts\/14694\/revisions\/14698"}],"wp:featuredmedia":[{"embeddable":true,"href":"https:\/\/radioalma.eu\/bruselas\/wp-json\/wp\/v2\/media\/14696"}],"wp:attachment":[{"href":"https:\/\/radioalma.eu\/bruselas\/wp-json\/wp\/v2\/media?parent=14694"}],"wp:term":[{"taxonomy":"category","embeddable":true,"href":"https:\/\/radioalma.eu\/bruselas\/wp-json\/wp\/v2\/categories?post=14694"},{"taxonomy":"post_tag","embeddable":true,"href":"https:\/\/radioalma.eu\/bruselas\/wp-json\/wp\/v2\/tags?post=14694"}],"curies":[{"name":"wp","href":"https:\/\/api.w.org\/{rel}","templated":true}]}}