{"id":148,"date":"2013-03-07T16:51:21","date_gmt":"2013-03-07T15:51:21","guid":{"rendered":"http:\/\/radioalma.eu\/bruselas\/?p=148"},"modified":"2013-03-19T17:53:52","modified_gmt":"2013-03-19T16:53:52","slug":"historias-de-la-emigracion-don-francisco-santin-un-nino-de-la-guerra-2-de-marzo","status":"publish","type":"post","link":"https:\/\/radioalma.eu\/bruselas\/2013\/03\/07\/historias-de-la-emigracion-don-francisco-santin-un-nino-de-la-guerra-2-de-marzo\/","title":{"rendered":"Historias de la emigraci\u00f3n. Don Francisco Sant\u00edn, un ni\u00f1o de la Guerra. 2 de marzo"},"content":{"rendered":"<p>Don Francisco Sant\u00edn sali\u00f3 de su Sestao natal con cinco a\u00f1os, el 6 de mayo de 1937, huyendo de la Guerra Civil. Junto a su hermano de ocho a\u00f1os lleg\u00f3 a B\u00e9lgica, donde fueron acogidos por una familia de Lieja. Aqu\u00ed vivieron hasta 1947, cuando por fin volvieron a su pa\u00eds y a ver a su familia.<\/p>\n<p>Pero el franquismo de los a\u00f1os cincuenta lo trajo de nuevo a su hogar de adopci\u00f3n, donde a partir de entonces dedicar\u00eda su vida a la lucha pol\u00edtica.<\/p>\n<p>Esta es su historia, contada por\u00a0\u00e9l.<\/p>\n<p>&nbsp;<\/p>\n","protected":false},"excerpt":{"rendered":"<div class=\"mh-excerpt\"><p>Don Francisco Sant\u00edn sali\u00f3 de su Sestao natal con cinco a\u00f1os, el 6 de mayo de 1937, huyendo de la Guerra Civil. Junto a su hermano de ocho a\u00f1os lleg\u00f3 a B\u00e9lgica, donde fueron acogidos <a class=\"mh-excerpt-more\" href=\"https:\/\/radioalma.eu\/bruselas\/2013\/03\/07\/historias-de-la-emigracion-don-francisco-santin-un-nino-de-la-guerra-2-de-marzo\/\" title=\"Historias de la emigraci\u00f3n. Don Francisco Sant\u00edn, un ni\u00f1o de la Guerra. 2 de marzo\">[&#8230;]<\/a><\/p>\n<\/div>","protected":false},"author":51,"featured_media":0,"comment_status":"open","ping_status":"open","sticky":false,"template":"","format":"standard","meta":{"footnotes":""},"categories":[29],"tags":[43,48,56,49],"class_list":{"0":"post-148","1":"post","2":"type-post","3":"status-publish","4":"format-standard","6":"category-protagonista-de-la-semana","7":"tag-emigracion","8":"tag-francisco-santin","9":"tag-politica","10":"tag-un-nino-de-la-guerra"},"_links":{"self":[{"href":"https:\/\/radioalma.eu\/bruselas\/wp-json\/wp\/v2\/posts\/148","targetHints":{"allow":["GET"]}}],"collection":[{"href":"https:\/\/radioalma.eu\/bruselas\/wp-json\/wp\/v2\/posts"}],"about":[{"href":"https:\/\/radioalma.eu\/bruselas\/wp-json\/wp\/v2\/types\/post"}],"author":[{"embeddable":true,"href":"https:\/\/radioalma.eu\/bruselas\/wp-json\/wp\/v2\/users\/51"}],"replies":[{"embeddable":true,"href":"https:\/\/radioalma.eu\/bruselas\/wp-json\/wp\/v2\/comments?post=148"}],"version-history":[{"count":0,"href":"https:\/\/radioalma.eu\/bruselas\/wp-json\/wp\/v2\/posts\/148\/revisions"}],"wp:attachment":[{"href":"https:\/\/radioalma.eu\/bruselas\/wp-json\/wp\/v2\/media?parent=148"}],"wp:term":[{"taxonomy":"category","embeddable":true,"href":"https:\/\/radioalma.eu\/bruselas\/wp-json\/wp\/v2\/categories?post=148"},{"taxonomy":"post_tag","embeddable":true,"href":"https:\/\/radioalma.eu\/bruselas\/wp-json\/wp\/v2\/tags?post=148"}],"curies":[{"name":"wp","href":"https:\/\/api.w.org\/{rel}","templated":true}]}}