{"id":14800,"date":"2026-03-02T14:41:17","date_gmt":"2026-03-02T13:41:17","guid":{"rendered":"https:\/\/radioalma.eu\/bruselas\/?p=14800"},"modified":"2026-03-02T14:56:21","modified_gmt":"2026-03-02T13:56:21","slug":"crisol-melodico-bruselas-con-n-estrena-nueva-seccion-musical","status":"publish","type":"post","link":"https:\/\/radioalma.eu\/bruselas\/2026\/03\/02\/crisol-melodico-bruselas-con-n-estrena-nueva-seccion-musical\/","title":{"rendered":"Crisol Mel\u00f3dico: Bruselas con \u00d1 estrena secci\u00f3n musical"},"content":{"rendered":"\n<p>En esta edici\u00f3n de Bruselas con \u00d1 presentamos una <strong>nueva secci\u00f3n<\/strong>: <strong>Crisol Mel\u00f3dico<\/strong>, con <strong><a href=\"https:\/\/www.instagram.com\/bornahhh\/\">Jonmi Rodriguez<\/a><\/strong>. Un programa musical que tiene como intenci\u00f3n informar sobre toda la <strong>actualidad musical belga<\/strong> y mostrar su latente <strong>multiculturalidad<\/strong>.<\/p>\n\n\n\n<p>En esta edici\u00f3n hemos repasado la actualidad de las listas de \u00e9xitos y hemos dedicado una gran parte del programa al <strong>underground bruselense<\/strong> y sus interesantes propuestas. Poniendo el foco en <strong>\u201cHyperdog\u201d<\/strong> y <strong>\u201cThe Brums\u201d<\/strong>, pero dejando sitio a artistas mundiales como Bad Bunny y Megadeth.<\/p>\n\n\n\n<p>Desde el reggaeton m\u00e1s bailable hasta el thrash metal m\u00e1s brutal, pasando por una mezcla de jazz y m\u00fasica electr\u00f3nica que promete romper barreras; \u00a1en Crisol Mel\u00f3dico todo tiene cabida!<\/p>\n\n\n\n\n\n<figure class=\"wp-block-embed is-type-rich is-provider-spotify wp-block-embed-spotify wp-embed-aspect-21-9 wp-has-aspect-ratio\"><div class=\"wp-block-embed__wrapper\">\n<iframe title=\"Spotify Embed: Crisol Mel\u00f3dico: Bad Bunny y Megadeth hacen historia y las propuestas underground de la semana\" style=\"border-radius: 12px\" width=\"100%\" height=\"152\" frameborder=\"0\" allowfullscreen allow=\"autoplay; clipboard-write; encrypted-media; fullscreen; picture-in-picture\" loading=\"lazy\" src=\"https:\/\/open.spotify.com\/embed\/episode\/3SyvGXqZRGhl3JDwOPIBpk?si=edfe550af670443d&amp;utm_source=oembed\"><\/iframe>\n<\/div><\/figure>\n","protected":false},"excerpt":{"rendered":"<div class=\"mh-excerpt\"><p>En esta edici\u00f3n de Bruselas con \u00d1 presentamos una nueva secci\u00f3n: Crisol Mel\u00f3dico, con Jonmi Rodriguez. Un programa musical que tiene como intenci\u00f3n informar sobre toda la actualidad musical belga y mostrar su latente multiculturalidad. <a class=\"mh-excerpt-more\" href=\"https:\/\/radioalma.eu\/bruselas\/2026\/03\/02\/crisol-melodico-bruselas-con-n-estrena-nueva-seccion-musical\/\" title=\"Crisol Mel\u00f3dico: Bruselas con \u00d1 estrena secci\u00f3n musical\">[&#8230;]<\/a><\/p>\n<\/div>","protected":false},"author":51,"featured_media":14826,"comment_status":"open","ping_status":"open","sticky":false,"template":"","format":"standard","meta":{"footnotes":""},"categories":[2700,2943],"tags":[2944,67,1745,2947,2945,59],"class_list":{"0":"post-14800","1":"post","2":"type-post","3":"status-publish","4":"format-standard","5":"has-post-thumbnail","7":"category-cultura","8":"category-musica","9":"tag-bad-bunny","10":"tag-bruselas-2","11":"tag-cultura","12":"tag-hyperdog","13":"tag-megadeth","14":"tag-musica"},"_links":{"self":[{"href":"https:\/\/radioalma.eu\/bruselas\/wp-json\/wp\/v2\/posts\/14800","targetHints":{"allow":["GET"]}}],"collection":[{"href":"https:\/\/radioalma.eu\/bruselas\/wp-json\/wp\/v2\/posts"}],"about":[{"href":"https:\/\/radioalma.eu\/bruselas\/wp-json\/wp\/v2\/types\/post"}],"author":[{"embeddable":true,"href":"https:\/\/radioalma.eu\/bruselas\/wp-json\/wp\/v2\/users\/51"}],"replies":[{"embeddable":true,"href":"https:\/\/radioalma.eu\/bruselas\/wp-json\/wp\/v2\/comments?post=14800"}],"version-history":[{"count":5,"href":"https:\/\/radioalma.eu\/bruselas\/wp-json\/wp\/v2\/posts\/14800\/revisions"}],"predecessor-version":[{"id":14828,"href":"https:\/\/radioalma.eu\/bruselas\/wp-json\/wp\/v2\/posts\/14800\/revisions\/14828"}],"wp:featuredmedia":[{"embeddable":true,"href":"https:\/\/radioalma.eu\/bruselas\/wp-json\/wp\/v2\/media\/14826"}],"wp:attachment":[{"href":"https:\/\/radioalma.eu\/bruselas\/wp-json\/wp\/v2\/media?parent=14800"}],"wp:term":[{"taxonomy":"category","embeddable":true,"href":"https:\/\/radioalma.eu\/bruselas\/wp-json\/wp\/v2\/categories?post=14800"},{"taxonomy":"post_tag","embeddable":true,"href":"https:\/\/radioalma.eu\/bruselas\/wp-json\/wp\/v2\/tags?post=14800"}],"curies":[{"name":"wp","href":"https:\/\/api.w.org\/{rel}","templated":true}]}}