{"id":14817,"date":"2026-03-02T14:52:25","date_gmt":"2026-03-02T13:52:25","guid":{"rendered":"https:\/\/radioalma.eu\/bruselas\/?p=14817"},"modified":"2026-03-02T15:14:20","modified_gmt":"2026-03-02T14:14:20","slug":"la-cartelera-belga-de-la-semana-comedia-memoria-y-escalofrios","status":"publish","type":"post","link":"https:\/\/radioalma.eu\/bruselas\/2026\/03\/02\/la-cartelera-belga-de-la-semana-comedia-memoria-y-escalofrios\/","title":{"rendered":"La cartelera belga de la semana: comedia, memoria y escalofr\u00edos"},"content":{"rendered":"\n<p>Ocupemos&nbsp;nuestras&nbsp;butacas,&nbsp;apaguemos&nbsp;las luces y\u2026 \u00a1que&nbsp;inicie&nbsp;el&nbsp;espect\u00e1culo! En esta&nbsp;reciente&nbsp;edici\u00f3n&nbsp;de <strong>La Sala de Cine<\/strong>, con <strong>Ana Mart\u00ednez<\/strong>, analizamos,&nbsp;como cada semana, la&nbsp;programaci\u00f3n&nbsp;belga y nos&nbsp;sumergimos&nbsp;en&nbsp;relatos&nbsp;que nos&nbsp;provocan&nbsp;risa,&nbsp;tensi\u00f3n y reflexi\u00f3n.<\/p>\n\n\n\n<p>Iniciamos revisando algunos t\u00edtulos que ya no se proyectan, pero que&nbsp;a\u00fan&nbsp;siguen&nbsp;generando&nbsp;conversaci\u00f3n.&nbsp;Se&nbsp;trata&nbsp;de \u00ab<strong>El Jockey<\/strong>\u00ab,&nbsp;un&nbsp;filme&nbsp;de&nbsp;<strong>Luis Ortega<\/strong>, una&nbsp;oferta&nbsp;intensa y estilizada que&nbsp;investiga&nbsp;los&nbsp;matices&nbsp;de la obsesi\u00f3n y la identidad. Tambi\u00e9n&nbsp;rememoramos&nbsp;\u00ab<strong>Father Mother Sister Brother<\/strong>\u00ab, del inconfundible <strong>Jim Jarmusch<\/strong>, con su&nbsp;singular&nbsp;sensibilidad y mirada&nbsp;tranquila&nbsp;sobre las relaciones humanas.<\/p>\n\n\n\n<p>En&nbsp;la cartelera actual, nos&nbsp;fijamos&nbsp;en \u00ab<strong>Queridos padres<\/strong>\u00ab, una comedia francesa que, entre risas y&nbsp;circunstancias&nbsp;familiares,&nbsp;resalta&nbsp;las din\u00e1micas,&nbsp;los secretos y&nbsp;las&nbsp;tensiones que&nbsp;emergen&nbsp;en los&nbsp;momentos&nbsp;menos&nbsp;esperados.<\/p>\n\n\n\n<p>Asimismo,&nbsp;hacemos&nbsp;un&nbsp;viaje&nbsp;temporal&nbsp;con \u00ab<strong>The History of Sound<\/strong>\u00ab,&nbsp;un&nbsp;filme&nbsp;que nos&nbsp;lleva&nbsp;a la Primera Guerra Mundial para&nbsp;presenciar&nbsp;el&nbsp;surgimiento&nbsp;de las primeras canciones folkl\u00f3ricas y&nbsp;explorar&nbsp;c\u00f3mo la m\u00fasica puede&nbsp;transformarse&nbsp;en&nbsp;un&nbsp;recuerdo&nbsp;viviente&nbsp;de una&nbsp;era&nbsp;tumultuosa.<\/p>\n\n\n\n<p>Para quienes disfrutan del <em>terror y los thrillers<\/em>, la pr\u00f3xima semana traer\u00e1 varios sustos con \u00ab<strong>Scream 7<\/strong>\u00ab, la nueva entrega de la famosa saga slasher, y \u00ab<strong>Muerte en la nieve<\/strong>\u00ab, una narrativa perturbadora donde el g\u00e9lido entorno se transforma en un personaje adicional, tan impenetrable como los secretos que oculta.<\/p>\n\n\n\n<p>Concluimos la sesi\u00f3n con \u00ab<strong>Orwell: 2+2=5<\/strong>\u00ab, un documental que medita sobre la vigilancia, la influencia del lenguaje en la pol\u00edtica actual y las repercusiones contempor\u00e1neas del pensamiento de <em>George Orwell.<\/em> Una invitaci\u00f3n a dejar el cine con m\u00e1s dudas que certezas&#8230;<\/p>\n\n\n\n<figure class=\"wp-block-embed is-type-rich is-provider-spotify wp-block-embed-spotify wp-embed-aspect-21-9 wp-has-aspect-ratio\"><div class=\"wp-block-embed__wrapper\">\n<iframe title=\"Spotify Embed: La Sala de Cine: Repaso expr\u00e9s a las novedades de esta semana\" style=\"border-radius: 12px\" width=\"100%\" height=\"152\" frameborder=\"0\" allowfullscreen allow=\"autoplay; clipboard-write; encrypted-media; fullscreen; picture-in-picture\" loading=\"lazy\" src=\"https:\/\/open.spotify.com\/embed\/episode\/459KImpcs3JFzudu956CrH?si=39994c0067904a2f&amp;utm_source=oembed\"><\/iframe>\n<\/div><\/figure>\n\n\n","protected":false},"excerpt":{"rendered":"<div class=\"mh-excerpt\"><p>Ocupemos&nbsp;nuestras&nbsp;butacas,&nbsp;apaguemos&nbsp;las luces y\u2026 \u00a1que&nbsp;inicie&nbsp;el&nbsp;espect\u00e1culo! En esta&nbsp;reciente&nbsp;edici\u00f3n&nbsp;de La Sala de Cine, con Ana Mart\u00ednez, analizamos,&nbsp;como cada semana, la&nbsp;programaci\u00f3n&nbsp;belga y nos&nbsp;sumergimos&nbsp;en&nbsp;relatos&nbsp;que nos&nbsp;provocan&nbsp;risa,&nbsp;tensi\u00f3n y reflexi\u00f3n. Iniciamos revisando algunos t\u00edtulos que ya no se proyectan, pero que&nbsp;a\u00fan&nbsp;siguen&nbsp;generando&nbsp;conversaci\u00f3n.&nbsp;Se&nbsp;trata&nbsp;de \u00abEl Jockey\u00ab,&nbsp;un&nbsp;filme&nbsp;de&nbsp;Luis <a class=\"mh-excerpt-more\" href=\"https:\/\/radioalma.eu\/bruselas\/2026\/03\/02\/la-cartelera-belga-de-la-semana-comedia-memoria-y-escalofrios\/\" title=\"La cartelera belga de la semana: comedia, memoria y escalofr\u00edos\">[&#8230;]<\/a><\/p>\n<\/div>","protected":false},"author":51,"featured_media":14823,"comment_status":"open","ping_status":"open","sticky":false,"template":"","format":"standard","meta":{"footnotes":""},"categories":[26,2700],"tags":[2656,67,40],"class_list":{"0":"post-14817","1":"post","2":"type-post","3":"status-publish","4":"format-standard","5":"has-post-thumbnail","7":"category-agenda-cultural","8":"category-cultura","9":"tag-belgica-2","10":"tag-bruselas-2","11":"tag-cine"},"_links":{"self":[{"href":"https:\/\/radioalma.eu\/bruselas\/wp-json\/wp\/v2\/posts\/14817","targetHints":{"allow":["GET"]}}],"collection":[{"href":"https:\/\/radioalma.eu\/bruselas\/wp-json\/wp\/v2\/posts"}],"about":[{"href":"https:\/\/radioalma.eu\/bruselas\/wp-json\/wp\/v2\/types\/post"}],"author":[{"embeddable":true,"href":"https:\/\/radioalma.eu\/bruselas\/wp-json\/wp\/v2\/users\/51"}],"replies":[{"embeddable":true,"href":"https:\/\/radioalma.eu\/bruselas\/wp-json\/wp\/v2\/comments?post=14817"}],"version-history":[{"count":5,"href":"https:\/\/radioalma.eu\/bruselas\/wp-json\/wp\/v2\/posts\/14817\/revisions"}],"predecessor-version":[{"id":14836,"href":"https:\/\/radioalma.eu\/bruselas\/wp-json\/wp\/v2\/posts\/14817\/revisions\/14836"}],"wp:featuredmedia":[{"embeddable":true,"href":"https:\/\/radioalma.eu\/bruselas\/wp-json\/wp\/v2\/media\/14823"}],"wp:attachment":[{"href":"https:\/\/radioalma.eu\/bruselas\/wp-json\/wp\/v2\/media?parent=14817"}],"wp:term":[{"taxonomy":"category","embeddable":true,"href":"https:\/\/radioalma.eu\/bruselas\/wp-json\/wp\/v2\/categories?post=14817"},{"taxonomy":"post_tag","embeddable":true,"href":"https:\/\/radioalma.eu\/bruselas\/wp-json\/wp\/v2\/tags?post=14817"}],"curies":[{"name":"wp","href":"https:\/\/api.w.org\/{rel}","templated":true}]}}