{"id":14864,"date":"2026-03-09T12:59:22","date_gmt":"2026-03-09T11:59:22","guid":{"rendered":"https:\/\/radioalma.eu\/bruselas\/?p=14864"},"modified":"2026-03-09T12:59:27","modified_gmt":"2026-03-09T11:59:27","slug":"nina-maleza-unen-el-folklore-latinoamericano-con-migracion-feminismo-y-mucho-amor","status":"publish","type":"post","link":"https:\/\/radioalma.eu\/bruselas\/2026\/03\/09\/nina-maleza-unen-el-folklore-latinoamericano-con-migracion-feminismo-y-mucho-amor\/","title":{"rendered":"&#8216;Ni\u00f1a Maleza&#8217; unen el folklore latinoamericano con migraci\u00f3n, feminismo y mucho amor"},"content":{"rendered":"\n<p>Hay muchas maneras de revindicar y transmitir los valores que se defienden. La marcha del 8M y la defensa de los derechos de las mujeres puede hacerse en cualquier \u00e1mbito de distintas formas. Y si hay algo que va muy unido a la lucha, es la cultura. <\/p>\n\n\n\n<p>Por eso, traemos al <strong>grupo musical &#8216;<a href=\"https:\/\/www.instagram.com\/nina.maleza\/\">Ni\u00f1a Maleza&#8217;<\/a><\/strong>, que con sus letras y melod\u00edas&#8230;. y por el simple hecho de compartir su m\u00fasica, dan un paso por hacerse notar en los escenarios. <b> Porque la revoluci\u00f3n se hace m\u00e1s grande con cada gesto, cada paso que se da es importante. <\/b>Como mujeres creativas, mujeres migrantes y mujeres que merecen tener ese espacio.<\/p>\n\n\n\n<p>En el estudio pudimos escuchar hablar sobre los comienzos del grupo, las influencias, su inspiraci\u00f3n musical y art\u00edstica&#8230;<span style=\"font-weight: 400\">Nuestras\u00a0 invitadas son un mix de voces femeninas que mezclan sus ra\u00edces con una mirada contempor\u00e1nea. Su m\u00fasica nos habla de migraci\u00f3n, de amor y de resistencia. Conocemos m\u00e1s <\/span>de la mano de dos de sus miembros: <b>Babela Navarro e Ian B\u00f3rquez.\u00a0<\/b><\/p>\n\n\n\n<figure class=\"wp-block-embed is-type-rich is-provider-spotify wp-block-embed-spotify wp-embed-aspect-21-9 wp-has-aspect-ratio\"><div class=\"wp-block-embed__wrapper\">\n<iframe title=\"Spotify Embed: Entrevista: Ni\u00f1a Maleza (grupo femenino de floklore latinoamericano)\" style=\"border-radius: 12px\" width=\"100%\" height=\"152\" frameborder=\"0\" allowfullscreen allow=\"autoplay; clipboard-write; encrypted-media; fullscreen; picture-in-picture\" loading=\"lazy\" src=\"https:\/\/open.spotify.com\/embed\/episode\/2juI0fJ5vE1aJFk81oxwwL?si=k1slK1_iTkKTSCYyLVjomA&amp;utm_source=oembed\"><\/iframe>\n<\/div><\/figure>\n","protected":false},"excerpt":{"rendered":"<div class=\"mh-excerpt\"><p>Hay muchas maneras de revindicar y transmitir los valores que se defienden. La marcha del 8M y la defensa de los derechos de las mujeres puede hacerse en cualquier \u00e1mbito de distintas formas. Y si <a class=\"mh-excerpt-more\" href=\"https:\/\/radioalma.eu\/bruselas\/2026\/03\/09\/nina-maleza-unen-el-folklore-latinoamericano-con-migracion-feminismo-y-mucho-amor\/\" title=\"&#8216;Ni\u00f1a Maleza&#8217; unen el folklore latinoamericano con migraci\u00f3n, feminismo y mucho amor\">[&#8230;]<\/a><\/p>\n<\/div>","protected":false},"author":51,"featured_media":14865,"comment_status":"open","ping_status":"open","sticky":false,"template":"","format":"standard","meta":{"footnotes":""},"categories":[2700,29,2704],"tags":[],"class_list":{"0":"post-14864","1":"post","2":"type-post","3":"status-publish","4":"format-standard","5":"has-post-thumbnail","7":"category-cultura","8":"category-protagonista-de-la-semana","9":"category-social"},"_links":{"self":[{"href":"https:\/\/radioalma.eu\/bruselas\/wp-json\/wp\/v2\/posts\/14864","targetHints":{"allow":["GET"]}}],"collection":[{"href":"https:\/\/radioalma.eu\/bruselas\/wp-json\/wp\/v2\/posts"}],"about":[{"href":"https:\/\/radioalma.eu\/bruselas\/wp-json\/wp\/v2\/types\/post"}],"author":[{"embeddable":true,"href":"https:\/\/radioalma.eu\/bruselas\/wp-json\/wp\/v2\/users\/51"}],"replies":[{"embeddable":true,"href":"https:\/\/radioalma.eu\/bruselas\/wp-json\/wp\/v2\/comments?post=14864"}],"version-history":[{"count":3,"href":"https:\/\/radioalma.eu\/bruselas\/wp-json\/wp\/v2\/posts\/14864\/revisions"}],"predecessor-version":[{"id":14896,"href":"https:\/\/radioalma.eu\/bruselas\/wp-json\/wp\/v2\/posts\/14864\/revisions\/14896"}],"wp:featuredmedia":[{"embeddable":true,"href":"https:\/\/radioalma.eu\/bruselas\/wp-json\/wp\/v2\/media\/14865"}],"wp:attachment":[{"href":"https:\/\/radioalma.eu\/bruselas\/wp-json\/wp\/v2\/media?parent=14864"}],"wp:term":[{"taxonomy":"category","embeddable":true,"href":"https:\/\/radioalma.eu\/bruselas\/wp-json\/wp\/v2\/categories?post=14864"},{"taxonomy":"post_tag","embeddable":true,"href":"https:\/\/radioalma.eu\/bruselas\/wp-json\/wp\/v2\/tags?post=14864"}],"curies":[{"name":"wp","href":"https:\/\/api.w.org\/{rel}","templated":true}]}}