{"id":14869,"date":"2026-03-09T12:56:54","date_gmt":"2026-03-09T11:56:54","guid":{"rendered":"https:\/\/radioalma.eu\/bruselas\/?p=14869"},"modified":"2026-03-09T12:56:58","modified_gmt":"2026-03-09T11:56:58","slug":"un-menu-musical-con-nombre-de-mujer-en-la-nueva-entrega-de-musica-al-dente","status":"publish","type":"post","link":"https:\/\/radioalma.eu\/bruselas\/2026\/03\/09\/un-menu-musical-con-nombre-de-mujer-en-la-nueva-entrega-de-musica-al-dente\/","title":{"rendered":"Un men\u00fa musical con nombre de mujer en la nueva entrega de &#8216;M\u00fasica al Dente&#8217;"},"content":{"rendered":"\n<p><strong>Ruth Prieto<\/strong> vuelve a nuestro estudio en este mes de marzo y viene revolucionaria. Iniciamos con preguntas con cierta controversia para plantear una realidad que se vive en la industria musical, al menos en la m\u00fasica cl\u00e1sica. Todo el mundo ha escuchado grandes nombres como podr\u00eda ser Beethoven pero&#8230; <strong>\u00bfrecordamos menciones de mujeres cuando los estudi\u00e1bamos en el colegio? \u00bfSabr\u00edamos nombrar alguna?<\/strong><\/p>\n<p>Ruth resalta que no es porque no haya mujeres directoras o compositoras. Simplemente, parece que la historia las ha querido olvidar. En esta nueva secci\u00f3n de <strong>&#8216;M\u00fasica al Dente&#8217;<\/strong> nos trae un men\u00fa con aperitivo y hasta postre, mencionando a grandes olvidadas que merecen tener reconocimiento.<strong> Mujeres como Lili Boulanger o Clara Schumann <\/strong>o otras grandes Madres Musicales de Europa. <strong>\u00bfQui\u00e9n decide lo que escuchamos?<\/strong><\/p>\n\n\n\n<figure class=\"wp-block-embed is-type-rich is-provider-spotify wp-block-embed-spotify wp-embed-aspect-21-9 wp-has-aspect-ratio\"><div class=\"wp-block-embed__wrapper\">\n<iframe title=\"Spotify Embed: &amp;apos;M\u00fasica al Dente&amp;apos;: Men\u00fa musical con nombre de mujer\" style=\"border-radius: 12px\" width=\"100%\" height=\"152\" frameborder=\"0\" allowfullscreen allow=\"autoplay; clipboard-write; encrypted-media; fullscreen; picture-in-picture\" loading=\"lazy\" src=\"https:\/\/open.spotify.com\/embed\/episode\/6kki7FL0nJno6CNWtbK8Oq?si=JAh-AxElRCmgRLaVsNZvEw&amp;utm_source=oembed\"><\/iframe>\n<\/div><\/figure>\n","protected":false},"excerpt":{"rendered":"<div class=\"mh-excerpt\"><p>Ruth Prieto vuelve a nuestro estudio en este mes de marzo y viene revolucionaria. Iniciamos con preguntas con cierta controversia para plantear una realidad que se vive en la industria musical, al menos en la <a class=\"mh-excerpt-more\" href=\"https:\/\/radioalma.eu\/bruselas\/2026\/03\/09\/un-menu-musical-con-nombre-de-mujer-en-la-nueva-entrega-de-musica-al-dente\/\" title=\"Un men\u00fa musical con nombre de mujer en la nueva entrega de &#8216;M\u00fasica al Dente&#8217;\">[&#8230;]<\/a><\/p>\n<\/div>","protected":false},"author":51,"featured_media":14871,"comment_status":"open","ping_status":"open","sticky":false,"template":"","format":"standard","meta":{"footnotes":""},"categories":[2943],"tags":[],"class_list":{"0":"post-14869","1":"post","2":"type-post","3":"status-publish","4":"format-standard","5":"has-post-thumbnail","7":"category-musica"},"_links":{"self":[{"href":"https:\/\/radioalma.eu\/bruselas\/wp-json\/wp\/v2\/posts\/14869","targetHints":{"allow":["GET"]}}],"collection":[{"href":"https:\/\/radioalma.eu\/bruselas\/wp-json\/wp\/v2\/posts"}],"about":[{"href":"https:\/\/radioalma.eu\/bruselas\/wp-json\/wp\/v2\/types\/post"}],"author":[{"embeddable":true,"href":"https:\/\/radioalma.eu\/bruselas\/wp-json\/wp\/v2\/users\/51"}],"replies":[{"embeddable":true,"href":"https:\/\/radioalma.eu\/bruselas\/wp-json\/wp\/v2\/comments?post=14869"}],"version-history":[{"count":4,"href":"https:\/\/radioalma.eu\/bruselas\/wp-json\/wp\/v2\/posts\/14869\/revisions"}],"predecessor-version":[{"id":14895,"href":"https:\/\/radioalma.eu\/bruselas\/wp-json\/wp\/v2\/posts\/14869\/revisions\/14895"}],"wp:featuredmedia":[{"embeddable":true,"href":"https:\/\/radioalma.eu\/bruselas\/wp-json\/wp\/v2\/media\/14871"}],"wp:attachment":[{"href":"https:\/\/radioalma.eu\/bruselas\/wp-json\/wp\/v2\/media?parent=14869"}],"wp:term":[{"taxonomy":"category","embeddable":true,"href":"https:\/\/radioalma.eu\/bruselas\/wp-json\/wp\/v2\/categories?post=14869"},{"taxonomy":"post_tag","embeddable":true,"href":"https:\/\/radioalma.eu\/bruselas\/wp-json\/wp\/v2\/tags?post=14869"}],"curies":[{"name":"wp","href":"https:\/\/api.w.org\/{rel}","templated":true}]}}