{"id":14873,"date":"2026-03-09T12:13:43","date_gmt":"2026-03-09T11:13:43","guid":{"rendered":"https:\/\/radioalma.eu\/bruselas\/?p=14873"},"modified":"2026-03-09T12:17:01","modified_gmt":"2026-03-09T11:17:01","slug":"un-programa-dedicado-al-8m-el-pasado-el-presente-y-el-futuro-de-los-derechos-de-las-mujeres","status":"publish","type":"post","link":"https:\/\/radioalma.eu\/bruselas\/2026\/03\/09\/un-programa-dedicado-al-8m-el-pasado-el-presente-y-el-futuro-de-los-derechos-de-las-mujeres\/","title":{"rendered":"Un programa dedicado al 8M: el pasado, el presente y el futuro de los derechos de las mujeres"},"content":{"rendered":"\n<p><span style=\"font-weight: 400\">En el programa del s\u00e1bado hemos vuelto <\/span><span style=\"font-weight: 400\">a situar la cultura y la actualidad europea en el centro del debate. Esta vez, con motivo del <strong>D\u00eda Internacional de la Mujer<\/strong>, el programa se ha llenado de <strong>voces femeninas<\/strong>, experiencias vitales y <strong>lucha por la igualdad<\/strong>. Empezamos, como es habitual, con un repaso de eventos culturales para que cualquiera pueda disfrutar.<\/span><\/p>\n<p><span style=\"font-weight: 400\">\u00a0La primera entrevista de esta semana ha sido con<a href=\"https:\/\/www.instagram.com\/marceladelapena\/\"> <strong>Marcela de la Pe\u00f1a<\/strong><\/a>, <strong>organizadora<\/strong> de la movilizaci\u00f3n hist\u00f3rica que ha tomado las calles a favor de la <strong>Lucha por los Derechos de las Mujeres<\/strong>. Todo movimiento necesita personas que crean en la causa, un mensaje que merezca la pena y, quiz\u00e1s lo m\u00e1s importante, organizaci\u00f3n. Entre otros muchos temas, nos ha hablado sobre las complicaciones de coordinar un evento de estas dimensiones y las reivindicaciones que se buscan.\u00a0<\/span><\/p>\n<p><span style=\"font-weight: 400\">Adem\u00e1s, en este programa nos ha acompa\u00f1ado <strong>Teresa Nevado Bueno<\/strong>, <strong>Secretaria General del LEM Espa\u00f1a<\/strong> y miembro del Comit\u00e9 Ejecutivo del<a href=\"https:\/\/womenlobby.org\/\"><strong> European Women\u2019s Lobby<\/strong><\/a> durante a\u00f1os. Nos ha hablado de los debates europeos en torno a la gestaci\u00f3n subrogada, la prostituci\u00f3n o las nuevas amenazas de la Inteligencia Artificial.<\/span><\/p>\n<p><span style=\"font-weight: 400\">Para terminar esta primera parte, hemos reunido un grupo fant\u00e1stico de mujeres trabajadoras y colaboradoras de Radio Alma con trayectorias radicalmente diferentes pero con algo en com\u00fan: todas han construido su camino profesional en <strong>entornos donde, en muchos casos, todav\u00eda persisten din\u00e1micas y estereotipos que marcan la experiencia de las mujeres<\/strong>. Por ello, esta semana contamos con <strong>Concha Torres<\/strong>, <strong>Lidia Pe\u00f1a<\/strong> y<strong> Elena Ramis.<\/strong><\/span><\/p>\n\n\n\n<figure class=\"wp-block-embed is-type-rich is-provider-spotify wp-block-embed-spotify wp-embed-aspect-21-9 wp-has-aspect-ratio\"><div class=\"wp-block-embed__wrapper\">\n<iframe title=\"Spotify Embed: Bruselas con \u00d1 (07\/03\/26) - Parte I\" style=\"border-radius: 12px\" width=\"100%\" height=\"152\" frameborder=\"0\" allowfullscreen allow=\"autoplay; clipboard-write; encrypted-media; fullscreen; picture-in-picture\" loading=\"lazy\" src=\"https:\/\/open.spotify.com\/embed\/episode\/7nTTRvevOQSt5itXARkZjK?si=dQzPHI-QQhqTddSqo-RgMw&amp;utm_source=oembed\"><\/iframe>\n<\/div><\/figure>\n\n\n\n<p><span style=\"font-weight: 400\">En la segunda parte hemos estrenado<strong> nueva secci\u00f3n<\/strong> con <strong><a href=\"https:\/\/ridhe.webflow.io\/\">Ridhe<\/a>,<\/strong> una asociaci\u00f3n que lucha por la defensa y la promoci\u00f3n de los derechos humanos. En esta edici\u00f3n, <strong>Jone Aristondo y Consuelo Grootjans<\/strong> nos explican <strong>la historia del 8M<\/strong> y el <strong>feminismo en Bruselas<\/strong>. Desde sus inicios hasta la actualidad, \u00bfen qu\u00e9 hemos mejorado? \u00bfY en qu\u00e9 tenemos que seguir luchando?<\/span><\/p>\n<p><span style=\"font-weight: 400\">De la historia y la pol\u00edtica pasamos al mundo de la m\u00fasica, porque la cultura tambi\u00e9n puede ser muy revolucionaria. Hablamos con <a href=\"https:\/\/www.instagram.com\/nina.maleza\/\"><strong>Ni\u00f1a Maleza<\/strong><\/a>,<strong> un grupo de voces femeninas<\/strong> que utiliza su m\u00fasica para representar sus ra\u00edces con una mirada contempor\u00e1nea mientras discuten sobre migraci\u00f3n, amor y resistencia.\u00a0<\/span><\/p>\n<p><span style=\"font-weight: 400\">Le ha seguido <strong>\u201cM\u00fasica al dente\u201d<\/strong>, con nuestra colaboradora <strong>Ruth Prieto, <\/strong>para trasladarnos a la m\u00fasica cl\u00e1sica. Ruth no pod\u00eda no hablar de<strong> la importancia 8M y la historia de las mujeres en la m\u00fasica.<\/strong> Esta semana, en su men\u00fa musical, han aparecido mujeres compositoras, directoras y m\u00fasicas de todas las \u00e9pocas. \u00a1Un men\u00fa con aperitivo y hasta postre!<\/span><\/p>\n<p><span style=\"font-weight: 400\">Como punto y final, en esta edici\u00f3n de<strong> \u2018La sala de cine\u2019, con Ana Mart\u00ednez<\/strong> ponemos sobre la mesa pel\u00edculas dirigidas por mujeres o filmes que hayan significado algo para la poblaci\u00f3n femenina. <strong>Desde <em>thrillers<\/em> <em>mainstream<\/em> hasta \u00f3peras primas, pasando por animaci\u00f3n o comedias rom\u00e1nticas.<\/strong> Todo un repaso al mundo cinematogr\u00e1fico.<\/span><\/p>\n\n\n\n<figure class=\"wp-block-embed is-type-rich is-provider-spotify wp-block-embed-spotify wp-embed-aspect-21-9 wp-has-aspect-ratio\"><div class=\"wp-block-embed__wrapper\">\n<iframe title=\"Spotify Embed: Bruselas con \u00d1 (07\/03\/26) - Parte II\" style=\"border-radius: 12px\" width=\"100%\" height=\"152\" frameborder=\"0\" allowfullscreen allow=\"autoplay; clipboard-write; encrypted-media; fullscreen; picture-in-picture\" loading=\"lazy\" src=\"https:\/\/open.spotify.com\/embed\/episode\/3DWNYDhwoGyeQ3yBMblsiS?si=FXqrWCwrQUaadFNCxeRwPQ&amp;utm_source=oembed\"><\/iframe>\n<\/div><\/figure>\n","protected":false},"excerpt":{"rendered":"<div class=\"mh-excerpt\"><p>En el programa del s\u00e1bado hemos vuelto a situar la cultura y la actualidad europea en el centro del debate. Esta vez, con motivo del D\u00eda Internacional de la Mujer, el programa se ha llenado <a class=\"mh-excerpt-more\" href=\"https:\/\/radioalma.eu\/bruselas\/2026\/03\/09\/un-programa-dedicado-al-8m-el-pasado-el-presente-y-el-futuro-de-los-derechos-de-las-mujeres\/\" title=\"Un programa dedicado al 8M: el pasado, el presente y el futuro de los derechos de las mujeres\">[&#8230;]<\/a><\/p>\n<\/div>","protected":false},"author":51,"featured_media":14876,"comment_status":"open","ping_status":"open","sticky":false,"template":"","format":"standard","meta":{"footnotes":""},"categories":[2700,2943,2699,29,2704],"tags":[],"class_list":{"0":"post-14873","1":"post","2":"type-post","3":"status-publish","4":"format-standard","5":"has-post-thumbnail","7":"category-cultura","8":"category-musica","9":"category-politica","10":"category-protagonista-de-la-semana","11":"category-social"},"_links":{"self":[{"href":"https:\/\/radioalma.eu\/bruselas\/wp-json\/wp\/v2\/posts\/14873","targetHints":{"allow":["GET"]}}],"collection":[{"href":"https:\/\/radioalma.eu\/bruselas\/wp-json\/wp\/v2\/posts"}],"about":[{"href":"https:\/\/radioalma.eu\/bruselas\/wp-json\/wp\/v2\/types\/post"}],"author":[{"embeddable":true,"href":"https:\/\/radioalma.eu\/bruselas\/wp-json\/wp\/v2\/users\/51"}],"replies":[{"embeddable":true,"href":"https:\/\/radioalma.eu\/bruselas\/wp-json\/wp\/v2\/comments?post=14873"}],"version-history":[{"count":5,"href":"https:\/\/radioalma.eu\/bruselas\/wp-json\/wp\/v2\/posts\/14873\/revisions"}],"predecessor-version":[{"id":14885,"href":"https:\/\/radioalma.eu\/bruselas\/wp-json\/wp\/v2\/posts\/14873\/revisions\/14885"}],"wp:featuredmedia":[{"embeddable":true,"href":"https:\/\/radioalma.eu\/bruselas\/wp-json\/wp\/v2\/media\/14876"}],"wp:attachment":[{"href":"https:\/\/radioalma.eu\/bruselas\/wp-json\/wp\/v2\/media?parent=14873"}],"wp:term":[{"taxonomy":"category","embeddable":true,"href":"https:\/\/radioalma.eu\/bruselas\/wp-json\/wp\/v2\/categories?post=14873"},{"taxonomy":"post_tag","embeddable":true,"href":"https:\/\/radioalma.eu\/bruselas\/wp-json\/wp\/v2\/tags?post=14873"}],"curies":[{"name":"wp","href":"https:\/\/api.w.org\/{rel}","templated":true}]}}