{"id":14877,"date":"2026-03-09T13:00:47","date_gmt":"2026-03-09T12:00:47","guid":{"rendered":"https:\/\/radioalma.eu\/bruselas\/?p=14877"},"modified":"2026-03-09T13:00:52","modified_gmt":"2026-03-09T12:00:52","slug":"en-la-sala-de-cine-de-ana-martinez-hablamos-de-peliculas-con-nombre-de-mujer","status":"publish","type":"post","link":"https:\/\/radioalma.eu\/bruselas\/2026\/03\/09\/en-la-sala-de-cine-de-ana-martinez-hablamos-de-peliculas-con-nombre-de-mujer\/","title":{"rendered":"En &#8216;La sala de cine&#8217; de Ana Mart\u00ednez hablamos de pel\u00edculas con nombre de mujer"},"content":{"rendered":"\n<p>En este programa especial del 8M no quer\u00edamos dejar atr\u00e1s a la importancia que tiene el movimiento en cualquier \u00e1mbito, por lo que en esta nueva entrega de <strong>&#8216;La sala de cine&#8217; hemos querido homenajear esas pel\u00edculas, actrices o directoras que marcan una etapa de la vida de las mujeres,<\/strong> que sirven de referentes o que dan voz a aquellas experiencias que muchas mujeres han tenido que vivir.<\/p>\n<p>El equipo de Bruselas con \u00d1, junto a<strong> Ana Mart\u00ednez,<\/strong> hacemos un repaso de nuestras referentes, ya sea en pel\u00edculas de<strong> thrillers con una Charlize Theron completamente cambiada<\/strong>, pasando por una <strong>Barbie<\/strong> que pone en duda su mundo o <strong>cl\u00e1sicos de nuestra infancia como Mary Poppins<\/strong> que establecen bases importantes para entender mejor el papel de la mujer en el cine. Hablamos de <strong>la lucha contra los c\u00e1nones de belleza imposibles, la batalla a\u00fan presente por la equidad salarial y las oportunidades para mujeres en papeles protagonistas.&nbsp;<\/strong><\/p>\n\n\n\n<figure class=\"wp-block-embed is-type-rich is-provider-spotify wp-block-embed-spotify wp-embed-aspect-21-9 wp-has-aspect-ratio\"><div class=\"wp-block-embed__wrapper\">\n<iframe title=\"Spotify Embed: &amp;apos;La Sala de Cine&amp;apos; con Ana Mart\u00ednez: la representaci\u00f3n femenina en el cine\" style=\"border-radius: 12px\" width=\"100%\" height=\"152\" frameborder=\"0\" allowfullscreen allow=\"autoplay; clipboard-write; encrypted-media; fullscreen; picture-in-picture\" loading=\"lazy\" src=\"https:\/\/open.spotify.com\/embed\/episode\/7qYXEjYx72Sjg0dgAFny9R?si=obGR5IfdTH-GIJ2m6fO2PQ&amp;utm_source=oembed\"><\/iframe>\n<\/div><\/figure>\n\n\n","protected":false},"excerpt":{"rendered":"<div class=\"mh-excerpt\"><p>En este programa especial del 8M no quer\u00edamos dejar atr\u00e1s a la importancia que tiene el movimiento en cualquier \u00e1mbito, por lo que en esta nueva entrega de &#8216;La sala de cine&#8217; hemos querido homenajear <a class=\"mh-excerpt-more\" href=\"https:\/\/radioalma.eu\/bruselas\/2026\/03\/09\/en-la-sala-de-cine-de-ana-martinez-hablamos-de-peliculas-con-nombre-de-mujer\/\" title=\"En &#8216;La sala de cine&#8217; de Ana Mart\u00ednez hablamos de pel\u00edculas con nombre de mujer\">[&#8230;]<\/a><\/p>\n<\/div>","protected":false},"author":51,"featured_media":14879,"comment_status":"open","ping_status":"open","sticky":false,"template":"","format":"standard","meta":{"footnotes":""},"categories":[2700],"tags":[],"class_list":{"0":"post-14877","1":"post","2":"type-post","3":"status-publish","4":"format-standard","5":"has-post-thumbnail","7":"category-cultura"},"_links":{"self":[{"href":"https:\/\/radioalma.eu\/bruselas\/wp-json\/wp\/v2\/posts\/14877","targetHints":{"allow":["GET"]}}],"collection":[{"href":"https:\/\/radioalma.eu\/bruselas\/wp-json\/wp\/v2\/posts"}],"about":[{"href":"https:\/\/radioalma.eu\/bruselas\/wp-json\/wp\/v2\/types\/post"}],"author":[{"embeddable":true,"href":"https:\/\/radioalma.eu\/bruselas\/wp-json\/wp\/v2\/users\/51"}],"replies":[{"embeddable":true,"href":"https:\/\/radioalma.eu\/bruselas\/wp-json\/wp\/v2\/comments?post=14877"}],"version-history":[{"count":2,"href":"https:\/\/radioalma.eu\/bruselas\/wp-json\/wp\/v2\/posts\/14877\/revisions"}],"predecessor-version":[{"id":14897,"href":"https:\/\/radioalma.eu\/bruselas\/wp-json\/wp\/v2\/posts\/14877\/revisions\/14897"}],"wp:featuredmedia":[{"embeddable":true,"href":"https:\/\/radioalma.eu\/bruselas\/wp-json\/wp\/v2\/media\/14879"}],"wp:attachment":[{"href":"https:\/\/radioalma.eu\/bruselas\/wp-json\/wp\/v2\/media?parent=14877"}],"wp:term":[{"taxonomy":"category","embeddable":true,"href":"https:\/\/radioalma.eu\/bruselas\/wp-json\/wp\/v2\/categories?post=14877"},{"taxonomy":"post_tag","embeddable":true,"href":"https:\/\/radioalma.eu\/bruselas\/wp-json\/wp\/v2\/tags?post=14877"}],"curies":[{"name":"wp","href":"https:\/\/api.w.org\/{rel}","templated":true}]}}