{"id":15108,"date":"2026-04-20T10:13:51","date_gmt":"2026-04-20T09:13:51","guid":{"rendered":"https:\/\/radioalma.eu\/bruselas\/?p=15108"},"modified":"2026-04-20T10:13:56","modified_gmt":"2026-04-20T09:13:56","slug":"muchas-risas-y-diversidad-musical-en-la-nueva-entrega-de-bruselas-con-n","status":"publish","type":"post","link":"https:\/\/radioalma.eu\/bruselas\/2026\/04\/20\/muchas-risas-y-diversidad-musical-en-la-nueva-entrega-de-bruselas-con-n\/","title":{"rendered":"Muchas risas y diversidad musical en la nueva entrega de Bruselas con \u00d1"},"content":{"rendered":"\n\n\n<p>El programa del s\u00e1bado ha venido a traernos alegr\u00eda para estos primeros d\u00edas primaverales, en forma de eventos culturales y propuestas que nos ayudan a ver las cosas con otra perspectiva. Primero, hacemos un repaso a la informaci\u00f3n y la actualidad con los titulares que han destacado esta semana.<\/p>\n<p>Despu\u00e9s venimos con una primera parte completamente hecha para hacernos m\u00e1s felices. A veces parece que en nuestras rutinas nos cuesta <strong>encontrar el momento para re\u00edr y divertirnos<\/strong> y desde Bruselas con \u00d1 hemos querido cambiar eso<strong>. De la mano de Comedia en Bruselas, recibimos a <a href=\"https:\/\/www.youtube.com\/playlist?list=PLu3wMYb--B3ikYuQx3l9QvIA90uv1809E\">Paco y Maite,<\/a><\/strong> una pareja de humoristas que nos presentan <strong>\u00abMatrimonio Imperfecto\u00bb<\/strong> en un primer show en Bruselas. \u00a1Los conocemos mejor para tener m\u00e1s eventos como este en el radar!<\/p>\n<p>Y seguimos subi\u00e9ndonos a los escenarios y asom\u00e1ndonos a la comedia con nuestros siguiente invitado. Ya no solo como un evento al que asistir para re\u00edrnos, si no como un lugar de encuentro y de sentimiento de pertenencia.<strong> Lucas Guill\u00e9n,<\/strong> bailar\u00edn y comediante, nos presenta su proyecto<strong><a href=\"https:\/\/www.instagram.com\/crudocomedybxl\/\"> \u00abCrudo Comedy\u00bb<\/a>,<\/strong> una iniciativa para hacer m\u00e1s<strong> stand ups y show de comedia latina<\/strong> en Bruselas. Nos habla del pr\u00f3ximo encuentro, con la humorista<strong> Laura L\u00f3pez.<\/strong> El pr\u00f3ximo<a href=\"https:\/\/www.eventbrite.com\/e\/stand-up-latino-tickets-1984178865399?aff=ebdssbdestsearch&amp;_gl=1*1wbim8m*_up*MQ..*_ga*Mzg2MDAwMDI4LjE3NzYzMzU1NDg.*_ga_TQVES5V6SH*czE3NzYzMzU1NDgkbzEkZzAkdDE3NzYzMzU1NDgkajYwJGwwJGgw\"> viernes 24 a las 20 en el Palazzo<\/a>. \u00a1Y con tacos incluidos!<\/p>\n<p>Y damos fin a una primera parte muy tem\u00e1tica con un nuevo formato de secci\u00f3n. <strong>Seguimos hablando de humor pero lo hacemos&#8230; desde otra perspectiva.<\/strong> Vuelve al estudio nuestra c\u00f3mica favorita,<strong><a href=\"https:\/\/instagram.com\/lidiapenya_comedia\/\"> Lidia Pe\u00f1a<\/a>, pero no lo hace sola. A su lado, <a href=\"https:\/\/www.instagram.com\/torrescon65\/reels\/\">Concha Torres<\/a> y su conocimiento literario.<\/strong> \u00bfQu\u00e9 sali\u00f3 de ah\u00ed? Pues toda una secci\u00f3n fusi\u00f3n de comedia y literatura&#8230; \u00a1Que no os pod\u00e9is perder!<\/p>\n\n\n\n<figure class=\"wp-block-embed is-type-rich is-provider-spotify wp-block-embed-spotify wp-embed-aspect-21-9 wp-has-aspect-ratio\"><div class=\"wp-block-embed__wrapper\">\n<iframe title=\"Spotify Embed: Bruselas con \u00d1 (18\/04\/26) - Parte I\" style=\"border-radius: 12px\" width=\"100%\" height=\"152\" frameborder=\"0\" allowfullscreen allow=\"autoplay; clipboard-write; encrypted-media; fullscreen; picture-in-picture\" loading=\"lazy\" src=\"https:\/\/open.spotify.com\/embed\/episode\/7vnKrikk6qlnrItfexsnTm?si=7WxyxsGQSxqS4mWO1OujMw&amp;utm_source=oembed\"><\/iframe>\n<\/div><\/figure>\n\n\n\n<p>La segunda parte empieza con mucha cultura, con una selecci\u00f3n de los mejores planes culturales que se podr\u00e1n disfrutar o se est\u00e1n pudiendo disfrutar en B\u00e9lgica estos d\u00edas. Como ya es habitual, 7 eventos que van desde festivales, hasta charlas pasando por exposiciones o teatro.<\/p>\n<p>Le sigue la <strong>cultura musical de la mano de Europalia y la Embajada Espa\u00f1ola<\/strong>. Como ya avisamos en programas anteriores, en el programa hemos querido incluir varios episodios de<a href=\"https:\/\/open.spotify.com\/show\/7wMBgXmMCRhrYhT5Oi2X6r\"> <strong>\u00abEuropalia Sonora\u00bb<\/strong><\/a>. Este podcast, con<strong> \u00cd\u00f1igo Alfonso<\/strong> en los micr\u00f3fonos, nos lleva a descubrir m\u00e1s all\u00e1 de Espa\u00f1a a trav\u00e9s del arte y la cultura. Compartimos el episodio cuatro, <strong>donde descubrimos todo lo que hay detr\u00e1s de grandes composiciones y nombres de la m\u00fasica del pa\u00eds.<\/strong><\/p>\n<p>Y seguimos hablando de m\u00fasica, pero en este caso de los artistas que destacan en el panorama belga. Vuelve <strong>\u00abCrisol Mel\u00f3dico\u00bb<\/strong> con m\u00fasica y cantantes <em>underground<\/em>,<strong> personalidades de renombre como Rosal\u00eda o eventos imperdible como las <em>Nuits de Botanique<\/em>. Jonmi Rodriguez<\/strong> nos informa del Top de los m\u00e1s escuchados, nos descubre artistas emergentes y nos presenta conciertos que recomendamos no perder.\u00a0<\/p>\n<p>Para poner punto y final a un programa que nos ha llenado de recomendaciones y planes, damos la bienvenida a<strong> Ana Mart\u00ednez<\/strong> <strong>y su \u00abSala de cine\u00bb<\/strong>. En esta nueva entrega, Ana nos habla de <strong>los t\u00edtulos que no nos podemos perder de las carteleras belgas<\/strong>, con filmes como \u00abCocorico 2\u00bb o \u00abLee Cronin&#8217;s The Mummy\u00bb.<\/p>\n\n\n\n<figure class=\"wp-block-embed is-type-rich is-provider-spotify wp-block-embed-spotify wp-embed-aspect-21-9 wp-has-aspect-ratio\"><div class=\"wp-block-embed__wrapper\">\n<iframe title=\"Spotify Embed: Bruselas con \u00d1 (18\/04\/26) - Parte II\" style=\"border-radius: 12px\" width=\"100%\" height=\"152\" frameborder=\"0\" allowfullscreen allow=\"autoplay; clipboard-write; encrypted-media; fullscreen; picture-in-picture\" loading=\"lazy\" src=\"https:\/\/open.spotify.com\/embed\/episode\/0PVpEcI7WFWyovartQ89Vj?si=w1YUP64yQIGI9ySrpTo5cg&amp;utm_source=oembed\"><\/iframe>\n<\/div><\/figure>\n","protected":false},"excerpt":{"rendered":"<div class=\"mh-excerpt\"><p>El programa del s\u00e1bado ha venido a traernos alegr\u00eda para estos primeros d\u00edas primaverales, en forma de eventos culturales y propuestas que nos ayudan a ver las cosas con otra perspectiva. Primero, hacemos un repaso <a class=\"mh-excerpt-more\" href=\"https:\/\/radioalma.eu\/bruselas\/2026\/04\/20\/muchas-risas-y-diversidad-musical-en-la-nueva-entrega-de-bruselas-con-n\/\" title=\"Muchas risas y diversidad musical en la nueva entrega de Bruselas con \u00d1\">[&#8230;]<\/a><\/p>\n<\/div>","protected":false},"author":51,"featured_media":15109,"comment_status":"open","ping_status":"open","sticky":false,"template":"","format":"standard","meta":{"footnotes":""},"categories":[2700,2731,2943,29],"tags":[],"class_list":{"0":"post-15108","1":"post","2":"type-post","3":"status-publish","4":"format-standard","5":"has-post-thumbnail","7":"category-cultura","8":"category-literatura","9":"category-musica","10":"category-protagonista-de-la-semana"},"_links":{"self":[{"href":"https:\/\/radioalma.eu\/bruselas\/wp-json\/wp\/v2\/posts\/15108","targetHints":{"allow":["GET"]}}],"collection":[{"href":"https:\/\/radioalma.eu\/bruselas\/wp-json\/wp\/v2\/posts"}],"about":[{"href":"https:\/\/radioalma.eu\/bruselas\/wp-json\/wp\/v2\/types\/post"}],"author":[{"embeddable":true,"href":"https:\/\/radioalma.eu\/bruselas\/wp-json\/wp\/v2\/users\/51"}],"replies":[{"embeddable":true,"href":"https:\/\/radioalma.eu\/bruselas\/wp-json\/wp\/v2\/comments?post=15108"}],"version-history":[{"count":7,"href":"https:\/\/radioalma.eu\/bruselas\/wp-json\/wp\/v2\/posts\/15108\/revisions"}],"predecessor-version":[{"id":15143,"href":"https:\/\/radioalma.eu\/bruselas\/wp-json\/wp\/v2\/posts\/15108\/revisions\/15143"}],"wp:featuredmedia":[{"embeddable":true,"href":"https:\/\/radioalma.eu\/bruselas\/wp-json\/wp\/v2\/media\/15109"}],"wp:attachment":[{"href":"https:\/\/radioalma.eu\/bruselas\/wp-json\/wp\/v2\/media?parent=15108"}],"wp:term":[{"taxonomy":"category","embeddable":true,"href":"https:\/\/radioalma.eu\/bruselas\/wp-json\/wp\/v2\/categories?post=15108"},{"taxonomy":"post_tag","embeddable":true,"href":"https:\/\/radioalma.eu\/bruselas\/wp-json\/wp\/v2\/tags?post=15108"}],"curies":[{"name":"wp","href":"https:\/\/api.w.org\/{rel}","templated":true}]}}