{"id":15149,"date":"2026-04-27T14:27:37","date_gmt":"2026-04-27T13:27:37","guid":{"rendered":"https:\/\/radioalma.eu\/bruselas\/?p=15149"},"modified":"2026-04-27T14:27:41","modified_gmt":"2026-04-27T13:27:41","slug":"ana-martinez-nos-adentra-en-la-sala-de-cine-para-conocer-los-estrenos-semanales-de-la-cartelera","status":"publish","type":"post","link":"https:\/\/radioalma.eu\/bruselas\/2026\/04\/27\/ana-martinez-nos-adentra-en-la-sala-de-cine-para-conocer-los-estrenos-semanales-de-la-cartelera\/","title":{"rendered":"Ana Mart\u00ednez nos adentra en \u00abLa Sala de Cine\u00bb para conocer los estrenos semanales de la cartelera"},"content":{"rendered":"\n<p>Una vez m\u00e1s, <strong><a href=\"https:\/\/www.instagram.com\/anapernia.jpg\/\">Ana Mart\u00ednez<\/a><\/strong> nos gu\u00eda por la cartelera del cine belga para conocer los nuevos t\u00edtulos que podremos disfrutar en la gran pantalla. Comenzamos fuerte con \u00ab<strong>Michael<\/strong>\u00ab, el biopic oficial de <strong>Michael Jackson<\/strong> dirigido por<span dir=\"auto\"><a href=\"https:\/\/www.imdb.com\/es-es\/name\/nm0298807\/?ref_=tt_ov_1_1\"><strong> Antoine Fuqua<\/strong><\/a>. <b>Jaafar Jackson<\/b> renace en este t\u00edtulo meti\u00e9ndose en los zapatos de su t\u00edo y ofreciendo una interpretaci\u00f3n de lujo.<\/span><\/p>\n<p>Continuamos comentando pel\u00edculas como \u00ab<strong>Pee chai dai ka<\/strong>\u00bb (\u00abUn fantasma para servirte\u00bb), una propuesta del cine tailand\u00e9s con una premisa de lo m\u00e1s surrealista donde la esposa del protagonista se convierte en un objeto de los mas inusual. Terminamos con el g\u00e9nero documental, con \u00ab<strong>The Tale of Silyan<\/strong>\u00ab, una odisea donde una familia de agricultores se ve obligada a emigrar para buscar un trabajo m\u00e1s rentable. All\u00ed conocen a un animal herido y entre ellos florecer\u00e1 un v\u00ednculo que ayudar\u00e1 a nuestros protagonistas. \u00a1Descubre todos los secretos de estos t\u00edtulos en \u00abLa Sala de Cine\u00bb!<\/p>\n\n\n\n<figure class=\"wp-block-embed is-type-rich is-provider-spotify wp-block-embed-spotify wp-embed-aspect-21-9 wp-has-aspect-ratio\"><div class=\"wp-block-embed__wrapper\">\n<iframe title=\"Spotify Embed: &quot;La Sala de Cine&quot;: Biopic de Michael Jackson y tramas surrealistas\" style=\"border-radius: 12px\" width=\"100%\" height=\"152\" frameborder=\"0\" allowfullscreen allow=\"autoplay; clipboard-write; encrypted-media; fullscreen; picture-in-picture\" loading=\"lazy\" src=\"https:\/\/open.spotify.com\/embed\/episode\/6qEnZlBd6ETV3Amp1FAPMm?si=07060e2bc69e4ac6&amp;utm_source=oembed\"><\/iframe>\n<\/div><\/figure>\n","protected":false},"excerpt":{"rendered":"<div class=\"mh-excerpt\"><p>Una vez m\u00e1s, Ana Mart\u00ednez nos gu\u00eda por la cartelera del cine belga para conocer los nuevos t\u00edtulos que podremos disfrutar en la gran pantalla. Comenzamos fuerte con \u00abMichael\u00ab, el biopic oficial de Michael Jackson <a class=\"mh-excerpt-more\" href=\"https:\/\/radioalma.eu\/bruselas\/2026\/04\/27\/ana-martinez-nos-adentra-en-la-sala-de-cine-para-conocer-los-estrenos-semanales-de-la-cartelera\/\" title=\"Ana Mart\u00ednez nos adentra en \u00abLa Sala de Cine\u00bb para conocer los estrenos semanales de la cartelera\">[&#8230;]<\/a><\/p>\n<\/div>","protected":false},"author":51,"featured_media":15154,"comment_status":"open","ping_status":"open","sticky":false,"template":"","format":"standard","meta":{"footnotes":""},"categories":[2700],"tags":[],"class_list":{"0":"post-15149","1":"post","2":"type-post","3":"status-publish","4":"format-standard","5":"has-post-thumbnail","7":"category-cultura"},"_links":{"self":[{"href":"https:\/\/radioalma.eu\/bruselas\/wp-json\/wp\/v2\/posts\/15149","targetHints":{"allow":["GET"]}}],"collection":[{"href":"https:\/\/radioalma.eu\/bruselas\/wp-json\/wp\/v2\/posts"}],"about":[{"href":"https:\/\/radioalma.eu\/bruselas\/wp-json\/wp\/v2\/types\/post"}],"author":[{"embeddable":true,"href":"https:\/\/radioalma.eu\/bruselas\/wp-json\/wp\/v2\/users\/51"}],"replies":[{"embeddable":true,"href":"https:\/\/radioalma.eu\/bruselas\/wp-json\/wp\/v2\/comments?post=15149"}],"version-history":[{"count":5,"href":"https:\/\/radioalma.eu\/bruselas\/wp-json\/wp\/v2\/posts\/15149\/revisions"}],"predecessor-version":[{"id":15218,"href":"https:\/\/radioalma.eu\/bruselas\/wp-json\/wp\/v2\/posts\/15149\/revisions\/15218"}],"wp:featuredmedia":[{"embeddable":true,"href":"https:\/\/radioalma.eu\/bruselas\/wp-json\/wp\/v2\/media\/15154"}],"wp:attachment":[{"href":"https:\/\/radioalma.eu\/bruselas\/wp-json\/wp\/v2\/media?parent=15149"}],"wp:term":[{"taxonomy":"category","embeddable":true,"href":"https:\/\/radioalma.eu\/bruselas\/wp-json\/wp\/v2\/categories?post=15149"},{"taxonomy":"post_tag","embeddable":true,"href":"https:\/\/radioalma.eu\/bruselas\/wp-json\/wp\/v2\/tags?post=15149"}],"curies":[{"name":"wp","href":"https:\/\/api.w.org\/{rel}","templated":true}]}}