{"id":15169,"date":"2026-04-27T12:15:49","date_gmt":"2026-04-27T11:15:49","guid":{"rendered":"https:\/\/radioalma.eu\/bruselas\/?p=15169"},"modified":"2026-04-27T12:22:56","modified_gmt":"2026-04-27T11:22:56","slug":"discutimos-sobre-energia-hungria-e-inmigracion-en-la-ue-al-dia","status":"publish","type":"post","link":"https:\/\/radioalma.eu\/bruselas\/2026\/04\/27\/discutimos-sobre-energia-hungria-e-inmigracion-en-la-ue-al-dia\/","title":{"rendered":"Discutimos sobre energ\u00eda, Hungr\u00eda e inmigraci\u00f3n en la \u00abUE al d\u00eda\u00bb"},"content":{"rendered":"\n<p>En este programa, <strong>Iago Lombard\u00eda<\/strong> nos ha resumido toda la actualidad pol\u00edtica con su <strong>\u201cUE al d\u00eda\u201d<\/strong>. En esta edici\u00f3n, hemos puesto el foco en los temas <strong>geopol\u00edticos<\/strong> que est\u00e1n en boca de todos y que podr\u00edan afectar <strong>Europa<\/strong> y a los miembros de la <strong>Uni\u00f3n Europea<\/strong>.<\/p>\n\n\n\n<p>Hemos comenzado la secci\u00f3n hablando de <strong>Hungr\u00eda<\/strong> y sus recientes elecciones. Despu\u00e9s de <strong>16 a\u00f1os de poder<\/strong>, el gobierno de <strong>Viktor Orban<\/strong> ha sufrido una derrota aplastante a manos de la oposici\u00f3n de <strong>P\u00e9ter Magyar<\/strong>. \u00bfC\u00f3mo afectar\u00e1 este cambio de paradigma a la pol\u00edtica interior h\u00fangara y su relaci\u00f3n con la Uni\u00f3n Europea?<\/p>\n\n\n\n<p>A continuaci\u00f3n, hablamos de las <strong>controvertidas decisiones de la Uni\u00f3n Europea en materia de inmigraci\u00f3n&#8230;<\/strong> que han dado mucho de lo que hablar. Y para poner punto y final, hemos puesto el foco en la <strong>crisis energ\u00e9tica<\/strong> y su relaci\u00f3n con los conflictos activos a nivel mundial. \u00bfHasta qu\u00e9 punto son los altos precios culpa del conflicto de Ir\u00e1n? \u00a1Esc\u00fachanos para estar a la \u00faltima en materia europea!<\/p>\n\n\n\n<figure class=\"wp-block-embed is-type-rich is-provider-spotify wp-block-embed-spotify wp-embed-aspect-21-9 wp-has-aspect-ratio\"><div class=\"wp-block-embed__wrapper\">\n<iframe title=\"Spotify Embed: &quot;La UE al d\u00eda&quot;: Nuevas pol\u00edticas de inmigraci\u00f3n, elecciones en Hungr\u00eda y crisis energ\u00e9tica\" style=\"border-radius: 12px\" width=\"100%\" height=\"152\" frameborder=\"0\" allowfullscreen allow=\"autoplay; clipboard-write; encrypted-media; fullscreen; picture-in-picture\" loading=\"lazy\" src=\"https:\/\/open.spotify.com\/embed\/episode\/5DEyjltfUtveJ3TupDwOzV?si=c0d7b75bb8e54e91&amp;utm_source=oembed\"><\/iframe>\n<\/div><\/figure>\n","protected":false},"excerpt":{"rendered":"<div class=\"mh-excerpt\"><p>En este programa, Iago Lombard\u00eda nos ha resumido toda la actualidad pol\u00edtica con su \u201cUE al d\u00eda\u201d. En esta edici\u00f3n, hemos puesto el foco en los temas geopol\u00edticos que est\u00e1n en boca de todos y <a class=\"mh-excerpt-more\" href=\"https:\/\/radioalma.eu\/bruselas\/2026\/04\/27\/discutimos-sobre-energia-hungria-e-inmigracion-en-la-ue-al-dia\/\" title=\"Discutimos sobre energ\u00eda, Hungr\u00eda e inmigraci\u00f3n en la \u00abUE al d\u00eda\u00bb\">[&#8230;]<\/a><\/p>\n<\/div>","protected":false},"author":51,"featured_media":15170,"comment_status":"open","ping_status":"open","sticky":false,"template":"","format":"standard","meta":{"footnotes":""},"categories":[2697,2699],"tags":[2975,2977,181],"class_list":{"0":"post-15169","1":"post","2":"type-post","3":"status-publish","4":"format-standard","5":"has-post-thumbnail","7":"category-europa","8":"category-politica","9":"tag-2975","10":"tag-crisis-energetica","11":"tag-ue"},"_links":{"self":[{"href":"https:\/\/radioalma.eu\/bruselas\/wp-json\/wp\/v2\/posts\/15169","targetHints":{"allow":["GET"]}}],"collection":[{"href":"https:\/\/radioalma.eu\/bruselas\/wp-json\/wp\/v2\/posts"}],"about":[{"href":"https:\/\/radioalma.eu\/bruselas\/wp-json\/wp\/v2\/types\/post"}],"author":[{"embeddable":true,"href":"https:\/\/radioalma.eu\/bruselas\/wp-json\/wp\/v2\/users\/51"}],"replies":[{"embeddable":true,"href":"https:\/\/radioalma.eu\/bruselas\/wp-json\/wp\/v2\/comments?post=15169"}],"version-history":[{"count":11,"href":"https:\/\/radioalma.eu\/bruselas\/wp-json\/wp\/v2\/posts\/15169\/revisions"}],"predecessor-version":[{"id":15212,"href":"https:\/\/radioalma.eu\/bruselas\/wp-json\/wp\/v2\/posts\/15169\/revisions\/15212"}],"wp:featuredmedia":[{"embeddable":true,"href":"https:\/\/radioalma.eu\/bruselas\/wp-json\/wp\/v2\/media\/15170"}],"wp:attachment":[{"href":"https:\/\/radioalma.eu\/bruselas\/wp-json\/wp\/v2\/media?parent=15169"}],"wp:term":[{"taxonomy":"category","embeddable":true,"href":"https:\/\/radioalma.eu\/bruselas\/wp-json\/wp\/v2\/categories?post=15169"},{"taxonomy":"post_tag","embeddable":true,"href":"https:\/\/radioalma.eu\/bruselas\/wp-json\/wp\/v2\/tags?post=15169"}],"curies":[{"name":"wp","href":"https:\/\/api.w.org\/{rel}","templated":true}]}}