{"id":15172,"date":"2026-04-27T12:06:52","date_gmt":"2026-04-27T11:06:52","guid":{"rendered":"https:\/\/radioalma.eu\/bruselas\/?p=15172"},"modified":"2026-04-27T15:04:07","modified_gmt":"2026-04-27T14:04:07","slug":"el-ultilmo-programa-de-abril-nos-trae-grandes-exposiciones-cine-y-miradas-al-pasado-y-al-futuro","status":"publish","type":"post","link":"https:\/\/radioalma.eu\/bruselas\/2026\/04\/27\/el-ultilmo-programa-de-abril-nos-trae-grandes-exposiciones-cine-y-miradas-al-pasado-y-al-futuro\/","title":{"rendered":"El \u00faltimo programa de abril nos trae grandes exposiciones, cine, miradas al pasado&#8230; y al futuro"},"content":{"rendered":"\n<p>Para comenzar el programa de esta semana, <strong>Iago Lombard\u00eda<\/strong> nos ha resumido toda la actualidad pol\u00edtica con su<strong> \u201cUE al d\u00eda\u201d<\/strong>. En vez de limitarnos a relatar los usuales titulares de d\u00edas anteriores, en esta edici\u00f3n de Bruselas con \u00d1 hemos comenzado hablando de <strong>la crisis energ\u00e9tica, las elecciones de Hungr\u00eda y las \u00faltimas medidas de inmigraci\u00f3n en la UE<\/strong>.<\/p>\n\n\n\n<p>A continuaci\u00f3n, hemos querido honrar a Miguel de Cervantes y el Don Quijote dando cobertura a la <strong>\u201cSemana Cervantina\u201d que el Instituto Cervantes de Bruselas ha organizado en la capital. <\/strong>Un evento que trata diferentes dimensiones de la obra magna del escritor espa\u00f1ol a la que estamos acostumbrados, y pone el<strong> foco en ciencia y gastronom\u00eda<\/strong>.<\/p>\n\n\n\n<p>En primer lugar hemos hablado con<strong> Rosario Montes Prieto <\/strong>(conservadora del museo), que ha colaborado en la <strong>exposici\u00f3n centrada y ciencia y tecnolog\u00eda<\/strong>. Nos ha hablado sobre el proceso de investigaci\u00f3n y el trabajo de campo. Por otro lado, tambi\u00e9n hemos podido escuchar a <strong>Patricia Morales<\/strong>. Una autora que, <strong>con la colaboraci\u00f3n Mari\u00e1n Cruz<\/strong>, ha escrito el libro<strong> \u201cRecetario de cocina cervantina, entre gachas y gigantes\u201d.<\/strong><\/p>\n\n\n\n<p>Para terminar la primera parte del programa, hemos aprovechado el acto de inauguraci\u00f3n celebrado en el Instituto Cervantes para preguntar a los asistentes\u2026 \u00a1sobre comida! <strong>\u00bfCu\u00e1les son sus platos favoritos? \u00bfQu\u00e9 platos creen que podr\u00edan gustarle a Don Quijote?<\/strong> \u00a1No te lo pierdas!<\/p>\n\n\n\n<figure class=\"wp-block-embed is-type-rich is-provider-spotify wp-block-embed-spotify wp-embed-aspect-21-9 wp-has-aspect-ratio\"><div class=\"wp-block-embed__wrapper\">\n<iframe title=\"Spotify Embed: Bruselas con \u00d1 (25\/04\/26) - Parte I\" style=\"border-radius: 12px\" width=\"100%\" height=\"152\" frameborder=\"0\" allowfullscreen allow=\"autoplay; clipboard-write; encrypted-media; fullscreen; picture-in-picture\" loading=\"lazy\" src=\"https:\/\/open.spotify.com\/embed\/episode\/2IJrb0XbupX45jhCgEvFmh?si=107c1e6a27b142ea&amp;utm_source=oembed\"><\/iframe>\n<\/div><\/figure>\n\n\n\n<p>Despu\u00e9s de un breve repaso de la actualidad cultural de esta semana, hemos dado paso a <strong>Ruth Prieto y su \u201cM\u00fasica al dente\u201d<\/strong>. Esta semana, hemos hablado del concurso <strong>Queen Elisabeth, la nueva temporada de La Monnaie y un contratenor de renombre<\/strong>. \u00a1M\u00fasica, maestra!<\/p>\n\n\n\n<p>A continuaci\u00f3n, ha sido el turno del quinto episodio de <strong>Europalia<\/strong> <strong>Sonora<\/strong>. El podcast presentado por I\u00f1igo Alfonso en el que se echa la vista atr\u00e1s y se mira con diferentes ojos a la<strong> historia cinematogr\u00e1fica de Espa\u00f1a de los \u00faltimos 50 a\u00f1os.<\/strong><\/p>\n\n\n\n<p>Y para poner punto y final al programa de esta semana, qu\u00e9 mejor manera que reposar en <strong>\u201cLa Sala de Cine\u201d.<\/strong> Como todas las semanas,<strong> Ana Mart\u00ednez<\/strong> nos prepara una selecci\u00f3n de pel\u00edculas y de estrenos que merecen la pena. Desde comedia francesa a terror y drama\u2026 \u00a1Todo tiene cabida!<\/p>\n\n\n\n<figure class=\"wp-block-embed is-type-rich is-provider-spotify wp-block-embed-spotify wp-embed-aspect-21-9 wp-has-aspect-ratio\"><div class=\"wp-block-embed__wrapper\">\n<iframe title=\"Spotify Embed: Bruselas con \u00d1 (25\/04\/26) - Parte II\" style=\"border-radius: 12px\" width=\"100%\" height=\"152\" frameborder=\"0\" allowfullscreen allow=\"autoplay; clipboard-write; encrypted-media; fullscreen; picture-in-picture\" loading=\"lazy\" src=\"https:\/\/open.spotify.com\/embed\/episode\/2XYcbbLHD82sNk90kQO6XE?si=5d17295d0a954c13&amp;utm_source=oembed\"><\/iframe>\n<\/div><\/figure>\n","protected":false},"excerpt":{"rendered":"<div class=\"mh-excerpt\"><p>Para comenzar el programa de esta semana, Iago Lombard\u00eda nos ha resumido toda la actualidad pol\u00edtica con su \u201cUE al d\u00eda\u201d. En vez de limitarnos a relatar los usuales titulares de d\u00edas anteriores, en esta <a class=\"mh-excerpt-more\" href=\"https:\/\/radioalma.eu\/bruselas\/2026\/04\/27\/el-ultilmo-programa-de-abril-nos-trae-grandes-exposiciones-cine-y-miradas-al-pasado-y-al-futuro\/\" title=\"El \u00faltimo programa de abril nos trae grandes exposiciones, cine, miradas al pasado&#8230; y al futuro\">[&#8230;]<\/a><\/p>\n<\/div>","protected":false},"author":51,"featured_media":15216,"comment_status":"open","ping_status":"open","sticky":false,"template":"","format":"standard","meta":{"footnotes":""},"categories":[2698,2700,2697,2731,2943,2699,29],"tags":[],"class_list":{"0":"post-15172","1":"post","2":"type-post","3":"status-publish","4":"format-standard","5":"has-post-thumbnail","7":"category-ciencia","8":"category-cultura","9":"category-europa","10":"category-literatura","11":"category-musica","12":"category-politica","13":"category-protagonista-de-la-semana"},"_links":{"self":[{"href":"https:\/\/radioalma.eu\/bruselas\/wp-json\/wp\/v2\/posts\/15172","targetHints":{"allow":["GET"]}}],"collection":[{"href":"https:\/\/radioalma.eu\/bruselas\/wp-json\/wp\/v2\/posts"}],"about":[{"href":"https:\/\/radioalma.eu\/bruselas\/wp-json\/wp\/v2\/types\/post"}],"author":[{"embeddable":true,"href":"https:\/\/radioalma.eu\/bruselas\/wp-json\/wp\/v2\/users\/51"}],"replies":[{"embeddable":true,"href":"https:\/\/radioalma.eu\/bruselas\/wp-json\/wp\/v2\/comments?post=15172"}],"version-history":[{"count":11,"href":"https:\/\/radioalma.eu\/bruselas\/wp-json\/wp\/v2\/posts\/15172\/revisions"}],"predecessor-version":[{"id":15222,"href":"https:\/\/radioalma.eu\/bruselas\/wp-json\/wp\/v2\/posts\/15172\/revisions\/15222"}],"wp:featuredmedia":[{"embeddable":true,"href":"https:\/\/radioalma.eu\/bruselas\/wp-json\/wp\/v2\/media\/15216"}],"wp:attachment":[{"href":"https:\/\/radioalma.eu\/bruselas\/wp-json\/wp\/v2\/media?parent=15172"}],"wp:term":[{"taxonomy":"category","embeddable":true,"href":"https:\/\/radioalma.eu\/bruselas\/wp-json\/wp\/v2\/categories?post=15172"},{"taxonomy":"post_tag","embeddable":true,"href":"https:\/\/radioalma.eu\/bruselas\/wp-json\/wp\/v2\/tags?post=15172"}],"curies":[{"name":"wp","href":"https:\/\/api.w.org\/{rel}","templated":true}]}}