{"id":154,"date":"2013-03-12T13:57:28","date_gmt":"2013-03-12T12:57:28","guid":{"rendered":"http:\/\/radioalma.eu\/bruselas\/?p=154"},"modified":"2013-03-19T17:53:20","modified_gmt":"2013-03-19T16:53:20","slug":"la-pertinencia-de-la-union-bancaria-entrevista-al-activista-miguel-ongil-9-de-marzo","status":"publish","type":"post","link":"https:\/\/radioalma.eu\/bruselas\/2013\/03\/12\/la-pertinencia-de-la-union-bancaria-entrevista-al-activista-miguel-ongil-9-de-marzo\/","title":{"rendered":"La pertinencia de la Uni\u00f3n Bancaria. Entrevista al activista Miguel Ongil. 9 de marzo"},"content":{"rendered":"<figure id=\"attachment_177\" aria-describedby=\"caption-attachment-177\" style=\"width: 300px\" class=\"wp-caption alignnone\"><a href=\"http:\/\/radioalma.eu\/bruselas\/files\/2013\/03\/03091.jpg\"><img fetchpriority=\"high\" decoding=\"async\" class=\"size-medium wp-image-177\" alt=\"Miguel Ongil, activista espa\u00f1ol residente en Bruselas\" src=\"http:\/\/radioalma.eu\/bruselas\/files\/2013\/03\/03091-300x225.jpg\" width=\"300\" height=\"225\" srcset=\"https:\/\/radioalma.eu\/bruselas\/files\/2013\/03\/03091-300x225.jpg 300w, https:\/\/radioalma.eu\/bruselas\/files\/2013\/03\/03091-1024x768.jpg 1024w, https:\/\/radioalma.eu\/bruselas\/files\/2013\/03\/03091-768x576.jpg 768w, https:\/\/radioalma.eu\/bruselas\/files\/2013\/03\/03091-1536x1152.jpg 1536w, https:\/\/radioalma.eu\/bruselas\/files\/2013\/03\/03091-678x509.jpg 678w, https:\/\/radioalma.eu\/bruselas\/files\/2013\/03\/03091-326x245.jpg 326w, https:\/\/radioalma.eu\/bruselas\/files\/2013\/03\/03091-80x60.jpg 80w, https:\/\/radioalma.eu\/bruselas\/files\/2013\/03\/03091-400x300.jpg 400w, https:\/\/radioalma.eu\/bruselas\/files\/2013\/03\/03091.jpg 2048w\" sizes=\"(max-width: 300px) 100vw, 300px\" \/><\/a><figcaption id=\"caption-attachment-177\" class=\"wp-caption-text\">Miguel Ongil, activista espa\u00f1ol residente en Bruselas<\/figcaption><\/figure>\n<p>El 14 y 15 de marzo, los Estados europeos debatir\u00e1n en su cumbre trimestral de Bruselas sobre la Uni\u00f3n Bancaria, un proyecto que pretende dar una salida en com\u00fan a la crisis financiera que est\u00e1 detr\u00e1s de la crisis econ\u00f3mica y social que vivimos. Sobre sus luces y sus sombras Nicolas Bruwier habl\u00f3 el 9 de marzo con Miguel Ongil, activista espa\u00f1ol residente en Bruselas.<\/p>\n<p>&nbsp;<\/p>\n<p>&nbsp;<\/p>\n","protected":false},"excerpt":{"rendered":"<div class=\"mh-excerpt\"><p>El 14 y 15 de marzo, los Estados europeos debatir\u00e1n en su cumbre trimestral de Bruselas sobre la Uni\u00f3n Bancaria, un proyecto que pretende dar una salida en com\u00fan a la crisis financiera que est\u00e1 <a class=\"mh-excerpt-more\" href=\"https:\/\/radioalma.eu\/bruselas\/2013\/03\/12\/la-pertinencia-de-la-union-bancaria-entrevista-al-activista-miguel-ongil-9-de-marzo\/\" title=\"La pertinencia de la Uni\u00f3n Bancaria. Entrevista al activista Miguel Ongil. 9 de marzo\">[&#8230;]<\/a><\/p>\n<\/div>","protected":false},"author":51,"featured_media":177,"comment_status":"open","ping_status":"open","sticky":false,"template":"","format":"standard","meta":{"footnotes":""},"categories":[],"tags":[58,45,56,22,46],"class_list":{"0":"post-154","1":"post","2":"type-post","3":"status-publish","4":"format-standard","5":"has-post-thumbnail","7":"tag-economia","8":"tag-miguel-ongil","9":"tag-politica","10":"tag-tertulia","11":"tag-union-bancaria"},"_links":{"self":[{"href":"https:\/\/radioalma.eu\/bruselas\/wp-json\/wp\/v2\/posts\/154","targetHints":{"allow":["GET"]}}],"collection":[{"href":"https:\/\/radioalma.eu\/bruselas\/wp-json\/wp\/v2\/posts"}],"about":[{"href":"https:\/\/radioalma.eu\/bruselas\/wp-json\/wp\/v2\/types\/post"}],"author":[{"embeddable":true,"href":"https:\/\/radioalma.eu\/bruselas\/wp-json\/wp\/v2\/users\/51"}],"replies":[{"embeddable":true,"href":"https:\/\/radioalma.eu\/bruselas\/wp-json\/wp\/v2\/comments?post=154"}],"version-history":[{"count":0,"href":"https:\/\/radioalma.eu\/bruselas\/wp-json\/wp\/v2\/posts\/154\/revisions"}],"wp:featuredmedia":[{"embeddable":true,"href":"https:\/\/radioalma.eu\/bruselas\/wp-json\/wp\/v2\/media\/177"}],"wp:attachment":[{"href":"https:\/\/radioalma.eu\/bruselas\/wp-json\/wp\/v2\/media?parent=154"}],"wp:term":[{"taxonomy":"category","embeddable":true,"href":"https:\/\/radioalma.eu\/bruselas\/wp-json\/wp\/v2\/categories?post=154"},{"taxonomy":"post_tag","embeddable":true,"href":"https:\/\/radioalma.eu\/bruselas\/wp-json\/wp\/v2\/tags?post=154"}],"curies":[{"name":"wp","href":"https:\/\/api.w.org\/{rel}","templated":true}]}}