{"id":1641,"date":"2015-01-27T14:14:31","date_gmt":"2015-01-27T13:14:31","guid":{"rendered":"http:\/\/radioalma.eu\/bruselas\/?p=1641"},"modified":"2015-01-27T14:14:31","modified_gmt":"2015-01-27T13:14:31","slug":"o-furancho-pulpo-a-galega-en-bruxelas","status":"publish","type":"post","link":"https:\/\/radioalma.eu\/bruselas\/2015\/01\/27\/o-furancho-pulpo-a-galega-en-bruxelas\/","title":{"rendered":"O Furancho, pulpo \u00e1 galega en Bruxelas"},"content":{"rendered":"<p><a href=\"http:\/\/radioalma.eu\/bruselas\/files\/2015\/01\/buena.jpg\"><img fetchpriority=\"high\" decoding=\"async\" class=\"alignleft size-medium wp-image-1643\" src=\"http:\/\/radioalma.eu\/bruselas\/files\/2015\/01\/buena-300x225.jpg\" alt=\"buena\" width=\"300\" height=\"225\" srcset=\"https:\/\/radioalma.eu\/bruselas\/files\/2015\/01\/buena-300x225.jpg 300w, https:\/\/radioalma.eu\/bruselas\/files\/2015\/01\/buena-80x60.jpg 80w, https:\/\/radioalma.eu\/bruselas\/files\/2015\/01\/buena.jpg 320w\" sizes=\"(max-width: 300px) 100vw, 300px\" \/><\/a>Sum\u00e1ndose a la tendencia imperante en los mercados de Bruselas, que permite degustar a los viandantes productos t\u00edpicos de diferentes pa\u00edses, Anxo Riera, Brais y Bea, decidieron hacer lo propio y crearon O Furancho, una taberna ambulante de gastronom\u00eda gallega. Al tradicional pulpo \u00e1 feira se unen el caldo gallego, la tortilla y embutidos y quesos del pa\u00eds. Todo ello aderezado con los mejores vinos de la tierra: R\u00edas Baixas, Ribeiro, Valdeorras&#8230;<\/p>\n<audio class=\"wp-audio-shortcode\" id=\"audio-1641-1\" preload=\"none\" style=\"width: 100%;\" controls=\"controls\"><source type=\"audio\/mpeg\" src=\"http:\/\/radioalma.eu\/bruselas\/files\/2015\/01\/Anxo-Riera-O-Furancho.mp3?_=1\" \/><a href=\"http:\/\/radioalma.eu\/bruselas\/files\/2015\/01\/Anxo-Riera-O-Furancho.mp3\">http:\/\/radioalma.eu\/bruselas\/files\/2015\/01\/Anxo-Riera-O-Furancho.mp3<\/a><\/audio>\n","protected":false},"excerpt":{"rendered":"<div class=\"mh-excerpt\"><p>Sum\u00e1ndose a la tendencia imperante en los mercados de Bruselas, que permite degustar a los viandantes productos t\u00edpicos de diferentes pa\u00edses, Anxo Riera, Brais y Bea, decidieron hacer lo propio y crearon O Furancho, una <a class=\"mh-excerpt-more\" href=\"https:\/\/radioalma.eu\/bruselas\/2015\/01\/27\/o-furancho-pulpo-a-galega-en-bruxelas\/\" title=\"O Furancho, pulpo \u00e1 galega en Bruxelas\">[&#8230;]<\/a><\/p>\n<\/div>","protected":false},"author":51,"featured_media":1643,"comment_status":"open","ping_status":"open","sticky":false,"template":"","format":"standard","meta":{"footnotes":""},"categories":[26,29],"tags":[606,27,605,604],"class_list":{"0":"post-1641","1":"post","2":"type-post","3":"status-publish","4":"format-standard","5":"has-post-thumbnail","7":"category-agenda-cultural","8":"category-protagonista-de-la-semana","9":"tag-anxo-riera","10":"tag-bruselas-agenda-cultural","11":"tag-mercados-bruselas","12":"tag-o-furancho"},"_links":{"self":[{"href":"https:\/\/radioalma.eu\/bruselas\/wp-json\/wp\/v2\/posts\/1641","targetHints":{"allow":["GET"]}}],"collection":[{"href":"https:\/\/radioalma.eu\/bruselas\/wp-json\/wp\/v2\/posts"}],"about":[{"href":"https:\/\/radioalma.eu\/bruselas\/wp-json\/wp\/v2\/types\/post"}],"author":[{"embeddable":true,"href":"https:\/\/radioalma.eu\/bruselas\/wp-json\/wp\/v2\/users\/51"}],"replies":[{"embeddable":true,"href":"https:\/\/radioalma.eu\/bruselas\/wp-json\/wp\/v2\/comments?post=1641"}],"version-history":[{"count":0,"href":"https:\/\/radioalma.eu\/bruselas\/wp-json\/wp\/v2\/posts\/1641\/revisions"}],"wp:featuredmedia":[{"embeddable":true,"href":"https:\/\/radioalma.eu\/bruselas\/wp-json\/wp\/v2\/media\/1643"}],"wp:attachment":[{"href":"https:\/\/radioalma.eu\/bruselas\/wp-json\/wp\/v2\/media?parent=1641"}],"wp:term":[{"taxonomy":"category","embeddable":true,"href":"https:\/\/radioalma.eu\/bruselas\/wp-json\/wp\/v2\/categories?post=1641"},{"taxonomy":"post_tag","embeddable":true,"href":"https:\/\/radioalma.eu\/bruselas\/wp-json\/wp\/v2\/tags?post=1641"}],"curies":[{"name":"wp","href":"https:\/\/api.w.org\/{rel}","templated":true}]}}