{"id":1796,"date":"2015-07-01T08:39:47","date_gmt":"2015-07-01T07:39:47","guid":{"rendered":"http:\/\/radioalma.eu\/bruselas\/?p=1796"},"modified":"2015-07-01T08:39:47","modified_gmt":"2015-07-01T07:39:47","slug":"david-bustamante-quiere-vivir","status":"publish","type":"post","link":"https:\/\/radioalma.eu\/bruselas\/2015\/07\/01\/david-bustamante-quiere-vivir\/","title":{"rendered":"David Bustamante quiere Vivir!"},"content":{"rendered":"<figure id=\"attachment_1799\" aria-describedby=\"caption-attachment-1799\" style=\"width: 225px\" class=\"wp-caption alignright\"><a href=\"http:\/\/radioalma.eu\/bruselas\/files\/2015\/07\/BustaBelle.jpg\"><img fetchpriority=\"high\" decoding=\"async\" class=\"wp-image-1799 size-medium\" src=\"http:\/\/radioalma.eu\/bruselas\/files\/2015\/07\/BustaBelle-225x300.jpg\" alt=\"BustaBelle\" width=\"225\" height=\"300\" srcset=\"https:\/\/radioalma.eu\/bruselas\/files\/2015\/07\/BustaBelle-225x300.jpg 225w, https:\/\/radioalma.eu\/bruselas\/files\/2015\/07\/BustaBelle.jpg 240w\" sizes=\"(max-width: 225px) 100vw, 225px\" \/><\/a><figcaption id=\"caption-attachment-1799\" class=\"wp-caption-text\">David Bustamante y Belle P\u00e9rez, presentando \u00abVivir\u00bb en la oficina de Cantabria en Bruselas<\/figcaption><\/figure>\n<p>El cantante c\u00e1ntabro David Bustamante ha estado en Bruselas para presentar su \u00faltimo disco, Vivir. En \u00e9l incluye colaboraciones con la artista belga de origen espa\u00f1ol Belle Perez y con el crooner Yannick Bovy.<\/p>\n<p>Con Bustamante hablamos sobre su carrera, su vida y su faceta de perfumista.<\/p>\n<audio class=\"wp-audio-shortcode\" id=\"audio-1796-1\" preload=\"none\" style=\"width: 100%;\" controls=\"controls\"><source type=\"audio\/mpeg\" src=\"http:\/\/radioalma.eu\/bruselas\/files\/2015\/07\/BustamanteBlg.mp3?_=1\" \/><a href=\"http:\/\/radioalma.eu\/bruselas\/files\/2015\/07\/BustamanteBlg.mp3\">http:\/\/radioalma.eu\/bruselas\/files\/2015\/07\/BustamanteBlg.mp3<\/a><\/audio>\n","protected":false},"excerpt":{"rendered":"<div class=\"mh-excerpt\"><p>El cantante c\u00e1ntabro David Bustamante ha estado en Bruselas para presentar su \u00faltimo disco, Vivir. En \u00e9l incluye colaboraciones con la artista belga de origen espa\u00f1ol Belle Perez y con el crooner Yannick Bovy. Con <a class=\"mh-excerpt-more\" href=\"https:\/\/radioalma.eu\/bruselas\/2015\/07\/01\/david-bustamante-quiere-vivir\/\" title=\"David Bustamante quiere Vivir!\">[&#8230;]<\/a><\/p>\n<\/div>","protected":false},"author":51,"featured_media":1799,"comment_status":"open","ping_status":"open","sticky":false,"template":"","format":"standard","meta":{"footnotes":""},"categories":[29],"tags":[706,27,704,22,705,707],"class_list":{"0":"post-1796","1":"post","2":"type-post","3":"status-publish","4":"format-standard","5":"has-post-thumbnail","7":"category-protagonista-de-la-semana","8":"tag-belle-perez","9":"tag-bruselas-agenda-cultural","10":"tag-david-bustamante","11":"tag-tertulia","12":"tag-vivir","13":"tag-yannick-bovy"},"_links":{"self":[{"href":"https:\/\/radioalma.eu\/bruselas\/wp-json\/wp\/v2\/posts\/1796","targetHints":{"allow":["GET"]}}],"collection":[{"href":"https:\/\/radioalma.eu\/bruselas\/wp-json\/wp\/v2\/posts"}],"about":[{"href":"https:\/\/radioalma.eu\/bruselas\/wp-json\/wp\/v2\/types\/post"}],"author":[{"embeddable":true,"href":"https:\/\/radioalma.eu\/bruselas\/wp-json\/wp\/v2\/users\/51"}],"replies":[{"embeddable":true,"href":"https:\/\/radioalma.eu\/bruselas\/wp-json\/wp\/v2\/comments?post=1796"}],"version-history":[{"count":0,"href":"https:\/\/radioalma.eu\/bruselas\/wp-json\/wp\/v2\/posts\/1796\/revisions"}],"wp:featuredmedia":[{"embeddable":true,"href":"https:\/\/radioalma.eu\/bruselas\/wp-json\/wp\/v2\/media\/1799"}],"wp:attachment":[{"href":"https:\/\/radioalma.eu\/bruselas\/wp-json\/wp\/v2\/media?parent=1796"}],"wp:term":[{"taxonomy":"category","embeddable":true,"href":"https:\/\/radioalma.eu\/bruselas\/wp-json\/wp\/v2\/categories?post=1796"},{"taxonomy":"post_tag","embeddable":true,"href":"https:\/\/radioalma.eu\/bruselas\/wp-json\/wp\/v2\/tags?post=1796"}],"curies":[{"name":"wp","href":"https:\/\/api.w.org\/{rel}","templated":true}]}}