{"id":1844,"date":"2015-09-22T12:38:05","date_gmt":"2015-09-22T11:38:05","guid":{"rendered":"http:\/\/radioalma.eu\/bruselas\/?p=1844"},"modified":"2015-09-22T12:38:55","modified_gmt":"2015-09-22T11:38:55","slug":"peliculatina-2015-colores-del-cine-latino-americano-e-iberico-en-bruselas","status":"publish","type":"post","link":"https:\/\/radioalma.eu\/bruselas\/2015\/09\/22\/peliculatina-2015-colores-del-cine-latino-americano-e-iberico-en-bruselas\/","title":{"rendered":"Peliculatina 2015: Colores del cine latino americano e Ib\u00e9rico en Bruselas"},"content":{"rendered":"<p><a href=\"http:\/\/radioalma.eu\/bruselas\/files\/2015\/09\/VISUAL-AFFICHE_A2_PELICULATINA-2015_IMPRIMERIE.jpg\"><img fetchpriority=\"high\" decoding=\"async\" class=\"alignleft wp-image-1846\" src=\"http:\/\/radioalma.eu\/bruselas\/files\/2015\/09\/VISUAL-AFFICHE_A2_PELICULATINA-2015_IMPRIMERIE-214x300.jpg\" alt=\"VISUAL-AFFICHE_A2_PELICULATINA-2015_IMPRIMERIE\" width=\"231\" height=\"324\" \/><\/a><\/p>\n<p>Berta Redondo \/\/.<\/p>\n<p>La Casa de Am\u00e9rica Latina acoge desde hoy y por cuarto a\u00f1o consecutivo el Festival Peliculatina, un evento cultural ya asentado en la agenda bruselense. Su objetivo es dar a conocer, difundir e invitar a comprender el cine que viene de Am\u00e9rica del Sur, de Am\u00e9rica Central, de Espa\u00f1a y de Portugal.<\/p>\n<p>En esta nueva edici\u00f3n, el foco protagonista se centrar\u00e1 en la producci\u00f3n emergente del cine latinoamericano. Pa\u00edses como la Rep\u00fablica Dominicana, Colombia, Bolivia, Paraguay, Uruguay, Per\u00fa y Ecuador presentan nuevas maneras de ver y de filmar.<\/p>\n<p>25 pel\u00edculas in\u00e9ditas se proyectar\u00e1n en los cines Galeries, Vend\u00f4me y Flagey\u00a0hasta el pr\u00f3ximo domingo 27 de septiembre. A las proyecciones se suman adem\u00e1s diferentes conferencias y actividades paralelas que buscan una mejor compresi\u00f3n de las diferentes realidades regionales.<\/p>\n<p>En Radio Alma nos desplazamos hasta la Casa de Am\u00e9rica Latina para charlar con los organizadores de este festival: Jorge Rojas y Marcos Collins. Esto es lo que nos contaron.<\/p>\n<audio class=\"wp-audio-shortcode\" id=\"audio-1844-1\" preload=\"none\" style=\"width: 100%;\" controls=\"controls\"><source type=\"audio\/mpeg\" src=\"http:\/\/radioalma.eu\/bruselas\/files\/2015\/09\/0916-Entrevista-buena.mp3?_=1\" \/><a href=\"http:\/\/radioalma.eu\/bruselas\/files\/2015\/09\/0916-Entrevista-buena.mp3\">http:\/\/radioalma.eu\/bruselas\/files\/2015\/09\/0916-Entrevista-buena.mp3<\/a><\/audio>\n","protected":false},"excerpt":{"rendered":"<div class=\"mh-excerpt\"><p>Berta Redondo \/\/. La Casa de Am\u00e9rica Latina acoge desde hoy y por cuarto a\u00f1o consecutivo el Festival Peliculatina, un evento cultural ya asentado en la agenda bruselense. Su objetivo es dar a conocer, difundir <a class=\"mh-excerpt-more\" href=\"https:\/\/radioalma.eu\/bruselas\/2015\/09\/22\/peliculatina-2015-colores-del-cine-latino-americano-e-iberico-en-bruselas\/\" title=\"Peliculatina 2015: Colores del cine latino americano e Ib\u00e9rico en Bruselas\">[&#8230;]<\/a><\/p>\n<\/div>","protected":false},"author":51,"featured_media":0,"comment_status":"open","ping_status":"open","sticky":false,"template":"","format":"standard","meta":{"footnotes":""},"categories":[26,29],"tags":[739,28,27,67,738,40,740,31,183,736,735,737],"class_list":{"0":"post-1844","1":"post","2":"type-post","3":"status-publish","4":"format-standard","6":"category-agenda-cultural","7":"category-protagonista-de-la-semana","8":"tag-agenda","9":"tag-belgica","10":"tag-bruselas-agenda-cultural","11":"tag-bruselas-2","12":"tag-casa-america-latina","13":"tag-cine","14":"tag-conferencias","15":"tag-emision","16":"tag-espana","17":"tag-latinoamerica","18":"tag-peliculatina","19":"tag-portugal"},"_links":{"self":[{"href":"https:\/\/radioalma.eu\/bruselas\/wp-json\/wp\/v2\/posts\/1844","targetHints":{"allow":["GET"]}}],"collection":[{"href":"https:\/\/radioalma.eu\/bruselas\/wp-json\/wp\/v2\/posts"}],"about":[{"href":"https:\/\/radioalma.eu\/bruselas\/wp-json\/wp\/v2\/types\/post"}],"author":[{"embeddable":true,"href":"https:\/\/radioalma.eu\/bruselas\/wp-json\/wp\/v2\/users\/51"}],"replies":[{"embeddable":true,"href":"https:\/\/radioalma.eu\/bruselas\/wp-json\/wp\/v2\/comments?post=1844"}],"version-history":[{"count":0,"href":"https:\/\/radioalma.eu\/bruselas\/wp-json\/wp\/v2\/posts\/1844\/revisions"}],"wp:attachment":[{"href":"https:\/\/radioalma.eu\/bruselas\/wp-json\/wp\/v2\/media?parent=1844"}],"wp:term":[{"taxonomy":"category","embeddable":true,"href":"https:\/\/radioalma.eu\/bruselas\/wp-json\/wp\/v2\/categories?post=1844"},{"taxonomy":"post_tag","embeddable":true,"href":"https:\/\/radioalma.eu\/bruselas\/wp-json\/wp\/v2\/tags?post=1844"}],"curies":[{"name":"wp","href":"https:\/\/api.w.org\/{rel}","templated":true}]}}